{"id":554,"date":"2015-06-23T00:12:05","date_gmt":"2015-06-23T00:12:05","guid":{"rendered":"http:\/\/www.cofarco.com.ar\/?p=554"},"modified":"2015-06-23T00:12:05","modified_gmt":"2015-06-23T00:12:05","slug":"informe-de-pagos-pami","status":"publish","type":"post","link":"https:\/\/cofarco.com.ar\/ar\/2015\/06\/23\/informe-de-pagos-pami\/","title":{"rendered":"Informe de pagos &#8211; PAMI"},"content":{"rendered":"<p>Se informa a continuaci\u00f3n el cronograma de pagos de PAMI correspondiente al periodo 15\/06 &#8211; 22\/06.<\/p>\n<p><span style=\"text-decoration: underline;\">Pagos PAMI: desde Lunes 15\/06\/2015 al Lunes 22\/06\/2015<\/span><\/p>\n<p><b>Farmacias dentro del calce<\/b><\/p>\n<p><b><span style=\"text-decoration: underline;\">Insulinas<\/span><\/b><\/p>\n<ul>\n<li>Cierre 2\u00b0 quincena de Abril 2015 (17\/06\/2015)<\/li>\n<li>Anticipo 2\u00ba de MAYO ( 19\/06\/2015)<\/li>\n<\/ul>\n<p>&nbsp;<\/p>\n<p><b><span style=\"text-decoration: underline;\">Res 337<\/span><\/b><\/p>\n<ul>\n<li>Anticipo 1\u00b0 Abril versi\u00f3n 8. Las farmacias dentro del calce suelen tambi\u00e9n recibir la versi\u00f3n 8 de estas APF, pero en este caso se trata de importes menores que complementan los anticipos emitidos con la versi\u00f3n 7\u00a0 de la 1\u00ba de abril el pasado 24 de abril. (19\/06\/2015)<\/li>\n<li>Cierre\u00a0 2 \u00b0 de MARZO (19\/06\/2015)<\/li>\n<\/ul>\n<p><b><span style=\"text-decoration: underline;\">\u00a0<\/span><\/b><\/p>\n<p><b><span style=\"text-decoration: underline;\">Ambulatorio<\/span><\/b><\/p>\n<ul>\n<li>Anticipo 2\u00b0 Marzo (19\/06\/2015)<\/li>\n<\/ul>\n<p>&nbsp;<\/p>\n<p><b>Farmacias fuera de calce<\/b><\/p>\n<p><b><span style=\"text-decoration: underline;\">Res 337<\/span><\/b><\/p>\n<ul>\n<li>Anticipadas Resoluci\u00f3n 337 (para las farmacias NO incluidas en el acuerdo de calce financiero) correspondientes a 1\u00ba de ABRIL 2015.( 18\/06\/2015)<\/li>\n<\/ul>\n<p><b>\u00a0<\/b><\/p>\n<p>&nbsp;<\/p>\n<p><b><span style=\"text-decoration: underline;\">EFECTIVO:<\/span><\/b> Se cancela la 1\u00b0 y 2\u00b0 Quincena de Febrero.( 22\/06\/2015)<\/p>\n<p>&nbsp;<\/p>\n<p><b><span style=\"text-decoration: underline;\">PARA ESTA TARDE ! ! ! <\/span><\/b><b>( 22\/06\/2015)<\/b><\/p>\n<p>\u00b7 NAF Ambulatorio 1\u00ba Junio<\/p>\n<ul>\n<li>\u00b7 NAF Insulinas 1\u00ba Junio<\/li>\n<li>\u00b7 APF Anticipadas Ambulatorio y Resoluci\u00f3n 337 1\u00ba Junio para farmacias dentro del calce.<\/li>\n<\/ul>\n","protected":false},"excerpt":{"rendered":"<p>Se informa a continuaci\u00f3n el cronograma de pagos de PAMI correspondiente al periodo 15\/06 &#8211; 22\/06. Pagos PAMI: desde Lunes 15\/06\/2015 al Lunes 22\/06\/2015 Farmacias dentro del calce Insulinas Cierre 2\u00b0 quincena de Abril 2015 (17\/06\/2015) Anticipo 2\u00ba de MAYO ( 19\/06\/2015) &nbsp; Res 337 Anticipo 1\u00b0 Abril versi\u00f3n 8. Las farmacias dentro del calce [&#8230;]\n","protected":false},"author":1,"featured_media":0,"comment_status":"open","ping_status":"open","sticky":false,"template":"","format":"standard","meta":{"footnotes":""},"categories":[72],"tags":[],"class_list":["post-554","post","type-post","status-publish","format-standard","hentry","category-sin-categoria"],"_links":{"self":[{"href":"https:\/\/cofarco.com.ar\/ar\/wp-json\/wp\/v2\/posts\/554","targetHints":{"allow":["GET"]}}],"collection":[{"href":"https:\/\/cofarco.com.ar\/ar\/wp-json\/wp\/v2\/posts"}],"about":[{"href":"https:\/\/cofarco.com.ar\/ar\/wp-json\/wp\/v2\/types\/post"}],"author":[{"embeddable":true,"href":"https:\/\/cofarco.com.ar\/ar\/wp-json\/wp\/v2\/users\/1"}],"replies":[{"embeddable":true,"href":"https:\/\/cofarco.com.ar\/ar\/wp-json\/wp\/v2\/comments?post=554"}],"version-history":[{"count":0,"href":"https:\/\/cofarco.com.ar\/ar\/wp-json\/wp\/v2\/posts\/554\/revisions"}],"wp:attachment":[{"href":"https:\/\/cofarco.com.ar\/ar\/wp-json\/wp\/v2\/media?parent=554"}],"wp:term":[{"taxonomy":"category","embeddable":true,"href":"https:\/\/cofarco.com.ar\/ar\/wp-json\/wp\/v2\/categories?post=554"},{"taxonomy":"post_tag","embeddable":true,"href":"https:\/\/cofarco.com.ar\/ar\/wp-json\/wp\/v2\/tags?post=554"}],"curies":[{"name":"wp","href":"https:\/\/api.w.org\/{rel}","templated":true}]}}