{"id":5591,"date":"2021-01-04T20:34:04","date_gmt":"2021-01-04T23:34:04","guid":{"rendered":"http:\/\/cofarco.com.ar\/ar\/?p=5591"},"modified":"2021-01-04T20:34:04","modified_gmt":"2021-01-04T23:34:04","slug":"convenio-pami-se-firmo-la-prorroga-hasta-el-31-de-marzo-2-021","status":"publish","type":"post","link":"https:\/\/cofarco.com.ar\/ar\/2021\/01\/04\/convenio-pami-se-firmo-la-prorroga-hasta-el-31-de-marzo-2-021\/","title":{"rendered":"Convenio PAMI &#8211; Se firm\u00f3 la pr\u00f3rroga hasta el 31 de marzo 2.021"},"content":{"rendered":"<p>Enviamos adjunto el Comunicado de la Confederaci\u00f3n que anuncia la continuidad del Convenio PAMI hasta el 31 de marzo 2.021, cuya Acta fuera firmada en sede del Instituto en la tarde del 31 de diciembre de 2.020.<\/p>\n<p>Saludos COFA &#8211; COFARCO.-<\/p>\n\n<div class=\"gde-error\">GDE Error: Error al recuperar el fichero. Si es necesario, desactiva la comprobaci\u00f3n de errores (404:Not Found)<\/div>\n\n","protected":false},"excerpt":{"rendered":"<p>Enviamos adjunto el Comunicado de la Confederaci\u00f3n que anuncia la continuidad del Convenio PAMI hasta el 31 de marzo 2.021, cuya Acta fuera firmada en sede del Instituto en la tarde del 31 de diciembre de 2.020. Saludos COFA &#8211; COFARCO.-<\/p>\n","protected":false},"author":2,"featured_media":0,"comment_status":"open","ping_status":"open","sticky":false,"template":"","format":"standard","meta":{"footnotes":""},"categories":[1],"tags":[],"class_list":["post-5591","post","type-post","status-publish","format-standard","hentry","category-uncategorized"],"_links":{"self":[{"href":"https:\/\/cofarco.com.ar\/ar\/wp-json\/wp\/v2\/posts\/5591","targetHints":{"allow":["GET"]}}],"collection":[{"href":"https:\/\/cofarco.com.ar\/ar\/wp-json\/wp\/v2\/posts"}],"about":[{"href":"https:\/\/cofarco.com.ar\/ar\/wp-json\/wp\/v2\/types\/post"}],"author":[{"embeddable":true,"href":"https:\/\/cofarco.com.ar\/ar\/wp-json\/wp\/v2\/users\/2"}],"replies":[{"embeddable":true,"href":"https:\/\/cofarco.com.ar\/ar\/wp-json\/wp\/v2\/comments?post=5591"}],"version-history":[{"count":1,"href":"https:\/\/cofarco.com.ar\/ar\/wp-json\/wp\/v2\/posts\/5591\/revisions"}],"predecessor-version":[{"id":5593,"href":"https:\/\/cofarco.com.ar\/ar\/wp-json\/wp\/v2\/posts\/5591\/revisions\/5593"}],"wp:attachment":[{"href":"https:\/\/cofarco.com.ar\/ar\/wp-json\/wp\/v2\/media?parent=5591"}],"wp:term":[{"taxonomy":"category","embeddable":true,"href":"https:\/\/cofarco.com.ar\/ar\/wp-json\/wp\/v2\/categories?post=5591"},{"taxonomy":"post_tag","embeddable":true,"href":"https:\/\/cofarco.com.ar\/ar\/wp-json\/wp\/v2\/tags?post=5591"}],"curies":[{"name":"wp","href":"https:\/\/api.w.org\/{rel}","templated":true}]}}