{"id":5628,"date":"2021-01-13T13:36:35","date_gmt":"2021-01-13T16:36:35","guid":{"rendered":"http:\/\/cofarco.com.ar\/ar\/?p=5628"},"modified":"2021-01-13T13:36:35","modified_gmt":"2021-01-13T16:36:35","slug":"condiciones-del-acuerdo-de-continuidad-del-convenio-pami","status":"publish","type":"post","link":"https:\/\/cofarco.com.ar\/ar\/2021\/01\/13\/condiciones-del-acuerdo-de-continuidad-del-convenio-pami\/","title":{"rendered":"Condiciones del Acuerdo de Continuidad del CONVENIO PAMI"},"content":{"rendered":"<p>Como se informara oportunamente, el d\u00eda 31 de diciembre a las 17.30 las Entidades Farmac\u00e9uticas Nacionales, junto con las C\u00e1maras de la Industria Farmac\u00e9utica, suscribieron un nuevo acuerdo de pr\u00f3rroga del Convenio con PAMI hasta el pr\u00f3ximo 31 de marzo de 2021.<br \/>\nLas negociaciones que derivaron en este acuerdo de pr\u00f3rroga se vieron marcadas por la intensidad y la dificultad para llegar a consensos, ya que a pesar de que las entidades pudieron probar, con evidencias, el deterioro de la rentabilidad que las farmacias sufren por la importante brecha de precios dentro del convenio, el PAMI mantuvo su postura de no reconocer una baja sustancial de la citada brecha; ante lo cual una alternativa para oxigenar la rentabilidad de las farmacias era establecer una baja en la bonificaci\u00f3n.<br \/>\nLuego de arduos intercambios sobre el filo mismo del vencimiento del convenio, el PAMI acept\u00f3 una recomposici\u00f3n del Precio PAMI del 7,2% a partir del 1\u00ba de enero, con la condici\u00f3n adicional de que si el \u00edndice de precios al consumidor emitido por el INDEC supera ese porcentaje en el curso del trimestre, deber\u00e1 corregirse el Precio PAMI con el objetivo de que no se incremente nuevamente la brecha de precios.<br \/>\nComplementariamente a ello, se pact\u00f3 con PAMI una disminuci\u00f3n en la bonificaci\u00f3n de todas las farmacias, y en todos los segmentos de prestaci\u00f3n, del 1,5% para el trimestre, de manera escalonada con una reducci\u00f3n del 0,5% para la prestaci\u00f3n de enero, un 0,5% para la de febrero y un 0,5% para la de marzo.<br \/>\nEn este arduo escenario de negociaci\u00f3n se han alcanzado avances respecto al estado previo, y buscaremos seguir en ese mismo camino en las discusiones que se planteen en el futuro pr\u00f3ximo, con el objetivo de seguir defendiendo la econom\u00eda de las farmacias, sin perder de vista que se requiere del mejor convenio PAMI posible para llegar a esa meta.<\/p>\n\n<div class=\"gde-error\">GDE Error: Error al recuperar el fichero. Si es necesario, desactiva la comprobaci\u00f3n de errores (404:Not Found)<\/div>\n\n","protected":false},"excerpt":{"rendered":"<p>Como se informara oportunamente, el d\u00eda 31 de diciembre a las 17.30 las Entidades Farmac\u00e9uticas Nacionales, junto con las C\u00e1maras de la Industria Farmac\u00e9utica, suscribieron un nuevo acuerdo de pr\u00f3rroga del Convenio con PAMI hasta el pr\u00f3ximo 31 de marzo de 2021. Las negociaciones que derivaron en este acuerdo de pr\u00f3rroga se vieron marcadas por [&#8230;]\n","protected":false},"author":2,"featured_media":0,"comment_status":"open","ping_status":"open","sticky":false,"template":"","format":"standard","meta":{"footnotes":""},"categories":[71],"tags":[],"class_list":["post-5628","post","type-post","status-publish","format-standard","hentry","category-noticias"],"_links":{"self":[{"href":"https:\/\/cofarco.com.ar\/ar\/wp-json\/wp\/v2\/posts\/5628","targetHints":{"allow":["GET"]}}],"collection":[{"href":"https:\/\/cofarco.com.ar\/ar\/wp-json\/wp\/v2\/posts"}],"about":[{"href":"https:\/\/cofarco.com.ar\/ar\/wp-json\/wp\/v2\/types\/post"}],"author":[{"embeddable":true,"href":"https:\/\/cofarco.com.ar\/ar\/wp-json\/wp\/v2\/users\/2"}],"replies":[{"embeddable":true,"href":"https:\/\/cofarco.com.ar\/ar\/wp-json\/wp\/v2\/comments?post=5628"}],"version-history":[{"count":1,"href":"https:\/\/cofarco.com.ar\/ar\/wp-json\/wp\/v2\/posts\/5628\/revisions"}],"predecessor-version":[{"id":5630,"href":"https:\/\/cofarco.com.ar\/ar\/wp-json\/wp\/v2\/posts\/5628\/revisions\/5630"}],"wp:attachment":[{"href":"https:\/\/cofarco.com.ar\/ar\/wp-json\/wp\/v2\/media?parent=5628"}],"wp:term":[{"taxonomy":"category","embeddable":true,"href":"https:\/\/cofarco.com.ar\/ar\/wp-json\/wp\/v2\/categories?post=5628"},{"taxonomy":"post_tag","embeddable":true,"href":"https:\/\/cofarco.com.ar\/ar\/wp-json\/wp\/v2\/tags?post=5628"}],"curies":[{"name":"wp","href":"https:\/\/api.w.org\/{rel}","templated":true}]}}