{"id":591,"date":"2015-08-26T18:24:05","date_gmt":"2015-08-26T18:24:05","guid":{"rendered":"http:\/\/www.cofarco.com.ar\/?p=591"},"modified":"2015-08-26T18:24:05","modified_gmt":"2015-08-26T18:24:05","slug":"cofa-logro-que-pami-frenara-las-retenciones","status":"publish","type":"post","link":"https:\/\/cofarco.com.ar\/ar\/2015\/08\/26\/cofa-logro-que-pami-frenara-las-retenciones\/","title":{"rendered":"COFA logr\u00f3 que Pami frenara las retenciones"},"content":{"rendered":"<p>El martes 25,\u00a0 los presidentes de los Colegios de Farmac\u00e9uticos del pa\u00eds se reunieron en Buenos Aires para tratar -en el marco de la Confederaci\u00f3n Farmac\u00e9utica Argentina- cuestiones relacionadas al PAMI. All\u00ed, la entidad inform\u00f3 sobre el freno a la retenci\u00f3n del pago a prestaciones del convenio medicamentos, lograda luego de intensas gestiones.<\/p>\n<p>En continuidad de la comunicaci\u00f3n emitida a los colegios el pasado jueves 20 en relaci\u00f3n a la preocupaci\u00f3n generada por la retenci\u00f3n realizada por PAMI a la Industria en pagos por prestaciones del convenio medicamentos, la Confederaci\u00f3n Farmac\u00e9utica Argentina inform\u00f3 que luego de las gestiones realizadas por la entidad con el prop\u00f3sito de alcanzar las soluciones que impidan que las farmacias se vean perjudicadas, se logr\u00f3 revertir la situaci\u00f3n.<\/p>\n<p>Ante la imposibilidad de la Industria de encontrar una respuesta de parte del PAMI, la Confederaci\u00f3n asumi\u00f3 la responsabilidad de realizar una gesti\u00f3n directa con el Instituto, y frente a los m\u00e1s altos funcionarios nacionales vinculados al tema,\u00a0 y como consecuencia de esta serie de intensas gestiones, el PAMI se ha comprometido ante la COFA, por escrito, a revisar las retenciones realizadas, informando que inicia su pago desde este 26 de agosto.<\/p>\n<p>Por primera vez desde el a\u00f1o 2003, cuando se firm\u00f3 la continuidad del actual convenio de prestaciones farmac\u00e9uticas entre la Industria y el PAMI, el Instituto respondi\u00f3 de manera directa, expresa y por escrito a un reclamo de una entidad no firmante del convenio, como es la COFA, reconociendo en dicha nota la importancia del rol financiador de las farmacias y el deseo del PAMI de no perjudicar sus\u00a0 intereses econ\u00f3micos. La nota mencionada fue remitida por el Gerente de Asuntos Jur\u00eddicos del Instituto en la noche del lunes 23 al Presidente de dicha entidad, advertido de que el martes 24 la Confederaci\u00f3n reunir\u00eda su Consejo Directivo para decidir los pasos a seguir.<\/p>\n<p>De esta manera, la COFA permiti\u00f3 revertir este proceso de conflicto que pon\u00eda a las farmacias prestadoras frente a una situaci\u00f3n altamente preocupante, en una gesti\u00f3n en la que no particip\u00f3 ning\u00fan otro eslab\u00f3n de la cadena de comercializaci\u00f3n, y que parece construir un nuevo escenario de relaci\u00f3n que se avizora propicio para poder modificar a futuro cuestiones pendientes a favor de los intereses de las farmacias.<\/p>\n","protected":false},"excerpt":{"rendered":"<p>El martes 25,\u00a0 los presidentes de los Colegios de Farmac\u00e9uticos del pa\u00eds se reunieron en Buenos Aires para tratar -en el marco de la Confederaci\u00f3n Farmac\u00e9utica Argentina- cuestiones relacionadas al PAMI. All\u00ed, la entidad inform\u00f3 sobre el freno a la retenci\u00f3n del pago a prestaciones del convenio medicamentos, lograda luego de intensas gestiones. En continuidad [&#8230;]\n","protected":false},"author":1,"featured_media":0,"comment_status":"open","ping_status":"open","sticky":false,"template":"","format":"standard","meta":{"footnotes":""},"categories":[72],"tags":[],"class_list":["post-591","post","type-post","status-publish","format-standard","hentry","category-sin-categoria"],"_links":{"self":[{"href":"https:\/\/cofarco.com.ar\/ar\/wp-json\/wp\/v2\/posts\/591","targetHints":{"allow":["GET"]}}],"collection":[{"href":"https:\/\/cofarco.com.ar\/ar\/wp-json\/wp\/v2\/posts"}],"about":[{"href":"https:\/\/cofarco.com.ar\/ar\/wp-json\/wp\/v2\/types\/post"}],"author":[{"embeddable":true,"href":"https:\/\/cofarco.com.ar\/ar\/wp-json\/wp\/v2\/users\/1"}],"replies":[{"embeddable":true,"href":"https:\/\/cofarco.com.ar\/ar\/wp-json\/wp\/v2\/comments?post=591"}],"version-history":[{"count":0,"href":"https:\/\/cofarco.com.ar\/ar\/wp-json\/wp\/v2\/posts\/591\/revisions"}],"wp:attachment":[{"href":"https:\/\/cofarco.com.ar\/ar\/wp-json\/wp\/v2\/media?parent=591"}],"wp:term":[{"taxonomy":"category","embeddable":true,"href":"https:\/\/cofarco.com.ar\/ar\/wp-json\/wp\/v2\/categories?post=591"},{"taxonomy":"post_tag","embeddable":true,"href":"https:\/\/cofarco.com.ar\/ar\/wp-json\/wp\/v2\/tags?post=591"}],"curies":[{"name":"wp","href":"https:\/\/api.w.org\/{rel}","templated":true}]}}