{"id":6087,"date":"2021-04-19T19:37:08","date_gmt":"2021-04-19T22:37:08","guid":{"rendered":"http:\/\/cofarco.com.ar\/ar\/?p=6087"},"modified":"2021-04-19T19:37:08","modified_gmt":"2021-04-19T22:37:08","slug":"actualizacion-informacion-sobre-pami-vacunas-importante","status":"publish","type":"post","link":"https:\/\/cofarco.com.ar\/ar\/2021\/04\/19\/actualizacion-informacion-sobre-pami-vacunas-importante\/","title":{"rendered":"Actualizaci\u00f3n informaci\u00f3n sobre PAMI VACUNAS (IMPORTANTE)"},"content":{"rendered":"<p>En continuidad con la informaci\u00f3n de la CAMPA\u00d1A DE VACUNACI\u00d3N PAMI 2.021 queremos hacerles llegar algunos datos actualizados que van surgiendo de consultas realizadas por colegios y farmacias, y por<br \/>\ndefiniciones que el propio PAMI va tomando respecto al modelo de vacunaci\u00f3n por asignaci\u00f3n de turnos.<\/p>\n<p>1.\u00a0\u00a0\u00a0 En principio el PAMI estableci\u00f3 el mi\u00e9rcoles (incluido) como l\u00edmite para que las farmacias adheridas ingresen su disponibilidad de d\u00edas y horarios de vacunaci\u00f3n en la Campa\u00f1a.<\/p>\n<p>2.\u00a0\u00a0\u00a0 El criterio inicial que se maneja en PAMI para la asignaci\u00f3n de turnos es el de un afiliado cada 15 minutos.<\/p>\n<p>3.\u00a0\u00a0\u00a0 Una vez que la farmacia haya registrado sus horarios y d\u00edas, dicho registro queda visible en la entrada VACUNACI\u00d3N de SIAFAR, en la solapa HORARIOS DE VACUNACI\u00d3N del men\u00fa superior. En ese caso si<br \/>\nhubiera incurrido la farmacia en un error u olvido puede modificar su registro anulando mediante la X los registros err\u00f3neos y volviendo a subir los correctos, para hacer clic al terminar en FINALIZAR CAMBIOS.<br \/>\nEsto es solo necesario si la farmacia quisiera modificar el esquema elegido inicialmente.<br \/>\n<img fetchpriority=\"high\" decoding=\"async\" class=\"alignnone size-full wp-image-6088\" src=\"https:\/\/cofarco.com.ar\/ar\/wp-content\/uploads\/2021\/04\/PAMI-vacunas-1.jpg\" alt=\"\" width=\"534\" height=\"326\" \/><br \/>\n4.\u00a0\u00a0\u00a0 Los afiliados deber\u00e1n preinscribirse en un acceso que PAMI habilitar\u00e1 en su web, y posiblemente con la alternativa de una app de celular. Todav\u00eda el Instituto no ha habilitado las opciones. Hemos solicitado que nos informen en cuanto lo hagan para comunicar a las farmacias en auxilio de los beneficiarios.<\/p>\n<p>Quedamos a disposici\u00f3n para cualquier consulta.<\/p>\n<p>Saludos COFA.-<\/p>\n","protected":false},"excerpt":{"rendered":"<p>En continuidad con la informaci\u00f3n de la CAMPA\u00d1A DE VACUNACI\u00d3N PAMI 2.021 queremos hacerles llegar algunos datos actualizados que van surgiendo de consultas realizadas por colegios y farmacias, y por definiciones que el propio PAMI va tomando respecto al modelo de vacunaci\u00f3n por asignaci\u00f3n de turnos. 1.\u00a0\u00a0\u00a0 En principio el PAMI estableci\u00f3 el mi\u00e9rcoles (incluido) [&#8230;]\n","protected":false},"author":2,"featured_media":0,"comment_status":"open","ping_status":"open","sticky":false,"template":"","format":"standard","meta":{"footnotes":""},"categories":[1],"tags":[],"class_list":["post-6087","post","type-post","status-publish","format-standard","hentry","category-uncategorized"],"_links":{"self":[{"href":"https:\/\/cofarco.com.ar\/ar\/wp-json\/wp\/v2\/posts\/6087","targetHints":{"allow":["GET"]}}],"collection":[{"href":"https:\/\/cofarco.com.ar\/ar\/wp-json\/wp\/v2\/posts"}],"about":[{"href":"https:\/\/cofarco.com.ar\/ar\/wp-json\/wp\/v2\/types\/post"}],"author":[{"embeddable":true,"href":"https:\/\/cofarco.com.ar\/ar\/wp-json\/wp\/v2\/users\/2"}],"replies":[{"embeddable":true,"href":"https:\/\/cofarco.com.ar\/ar\/wp-json\/wp\/v2\/comments?post=6087"}],"version-history":[{"count":1,"href":"https:\/\/cofarco.com.ar\/ar\/wp-json\/wp\/v2\/posts\/6087\/revisions"}],"predecessor-version":[{"id":6089,"href":"https:\/\/cofarco.com.ar\/ar\/wp-json\/wp\/v2\/posts\/6087\/revisions\/6089"}],"wp:attachment":[{"href":"https:\/\/cofarco.com.ar\/ar\/wp-json\/wp\/v2\/media?parent=6087"}],"wp:term":[{"taxonomy":"category","embeddable":true,"href":"https:\/\/cofarco.com.ar\/ar\/wp-json\/wp\/v2\/categories?post=6087"},{"taxonomy":"post_tag","embeddable":true,"href":"https:\/\/cofarco.com.ar\/ar\/wp-json\/wp\/v2\/tags?post=6087"}],"curies":[{"name":"wp","href":"https:\/\/api.w.org\/{rel}","templated":true}]}}