{"id":6129,"date":"2021-04-26T15:29:36","date_gmt":"2021-04-26T18:29:36","guid":{"rendered":"http:\/\/cofarco.com.ar\/ar\/?p=6129"},"modified":"2021-04-26T15:29:36","modified_gmt":"2021-04-26T18:29:36","slug":"importante-vacunacion-pami-inicio-de-preinscripcion-de-afiliados-e-informacion-disponible","status":"publish","type":"post","link":"https:\/\/cofarco.com.ar\/ar\/2021\/04\/26\/importante-vacunacion-pami-inicio-de-preinscripcion-de-afiliados-e-informacion-disponible\/","title":{"rendered":"IMPORTANTE VACUNACION PAMI &#8211; Inicio de preinscripci\u00f3n de afiliados e informaci\u00f3n disponible"},"content":{"rendered":"<p>Nos dirigimos a ustedes en relaci\u00f3n a la CAMPA\u00d1A de VACUNACI\u00d3N ANTIGRIPAL PAMI 2.021 a fin de darle algunas precisiones que tenemos y expresarles aquello sobre lo que todav\u00eda carecemos de confirmaci\u00f3n.<\/p>\n<p>\u00b7\u00a0\u00a0\u00a0\u00a0\u00a0\u00a0\u00a0\u00a0 Los afiliados deben preisncribirse a partir de hoy, lunes 26 de abril, en la web de PAMI\u00a0<a id=\"LPlnk263746\" href=\"https:\/\/www.pami.org.ar\/antigripal\" target=\"_blank\" rel=\"noopener noreferrer\" data-auth=\"NotApplicable\" data-linkindex=\"0\">https:\/\/www.pami.org.ar\/antigripal<\/a>\u00a0para lo cual solicitamos le informen a las farmacias para facilitar el conocimiento de parte de los afiliados.<\/p>\n<p>\u00b7\u00a0\u00a0\u00a0\u00a0\u00a0\u00a0\u00a0\u00a0 Hemos terminado de hacer los registros de horarios de las farmacias adheridas y le hemos remitido al PAMI dicha informaci\u00f3n.<\/p>\n<p>\u00b7\u00a0\u00a0\u00a0\u00a0\u00a0\u00a0\u00a0\u00a0 El PAMI va a asignar turnos a los afiliados con d\u00eda y hora de concurrencia a la farmacia que se le asigne, pero eso no suceder\u00e1 en todo el pa\u00eds, sino en los grandes conglomerados urbanos. Todav\u00eda no ha sido comunicado oficialmente por PAMI cu\u00e1les ser\u00e1n esos conglomerados urbanos. Esper\u00e1bamos tener esa informaci\u00f3n oficial antes de remitir el presente correo pero no ha llegado a\u00fan. Es decir, solamente algunos grandes conglomerados urbanos ser\u00e1n alcanzados por la asignaci\u00f3n de turnos con fecha y hora, en el resto de las localidades la definici\u00f3n de PAMI ser\u00eda que los afiliados podr\u00e1n concurrir &#8220;libremente&#8221;, aunque se contempla la indicaci\u00f3n de farmacia al afiliado.<\/p>\n<p>\u00b7\u00a0\u00a0\u00a0\u00a0\u00a0\u00a0\u00a0\u00a0 El criterio de asignaci\u00f3n de farmacia que maneja PAMI es el de cercan\u00eda al domicilio declarado por el afiliado al inscribirse, pero la COFA le ha solicitado al PAMI, de manera verbal y escrita, que se contemple el criterio de farmacia de vacunaci\u00f3n anterior para permitir que el afiliado concurra a su farmacia habitual. No tenemos a\u00fan confirmaci\u00f3n de si ser\u00e1 tomado en cuenta nuestro pedido.<\/p>\n<p>\u00b7\u00a0\u00a0\u00a0\u00a0\u00a0\u00a0\u00a0\u00a0 Es importante que el afiliado sepa que no puede aplicarse la vacuna contra la gripe 15 d\u00edas antes o despu\u00e9s de la vacuna contra el COVID.<\/p>\n<p>\u00b7\u00a0\u00a0\u00a0\u00a0\u00a0\u00a0\u00a0\u00a0 Adjuntamos material gr\u00e1fico de &#8220;afiches&#8221; para comunicar desde la farmacia, as\u00ed como un documento con preguntas y respuestas habituales destinadas a las farmacias, elaborado por PAMI (que contiene las mismas certezas e indefiniciones que comentamos previamente).<\/p>\n<p>\u00b7\u00a0\u00a0\u00a0\u00a0\u00a0\u00a0\u00a0\u00a0 Le hemos solicitado al PAMI contemplar en la asignaci\u00f3n de turnos adem\u00e1s de la vacuna antigripal tambi\u00e9n la neumoc\u00f3cica.<\/p>\n<p>\u00b7\u00a0\u00a0\u00a0\u00a0\u00a0\u00a0\u00a0\u00a0 Todav\u00eda no hay fecha estimada de distribuci\u00f3n de dosis ni inicio de la campa\u00f1a. Seguramente ese punto estar\u00e1 supeditado al proceso interno que debe hacer PAMI con la preinscripici\u00f3n de afiliados y la correspondiente asignaci\u00f3n de turnos para de ese modo armar el esquema de cantidad de dosis que corresponder\u00e1 a cada farmacia adherida, con la cantidad de vacunas disponibles en esta primera etapa, que es de 400 mil dosis a nivel pa\u00eds.<\/p>\n<p>Esta breve s\u00edntesis resume las certezas y los puntos a\u00fan sin definir. A medida que vayamos recibiendo informaci\u00f3n oficial podremos ir cerrando dudas que todav\u00eda persisten.<\/p>\n<p>Saludos COFA.-<\/p>\n<p><img fetchpriority=\"high\" decoding=\"async\" class=\"alignnone size-medium wp-image-6130\" src=\"https:\/\/cofarco.com.ar\/ar\/wp-content\/uploads\/2021\/04\/Afiches_P\u00e1gina_1-286x400.jpg\" alt=\"\" width=\"286\" height=\"400\" \/> <img decoding=\"async\" class=\"alignnone size-medium wp-image-6131\" src=\"https:\/\/cofarco.com.ar\/ar\/wp-content\/uploads\/2021\/04\/Afiches_P\u00e1gina_2-286x400.jpg\" alt=\"\" width=\"286\" height=\"400\" \/> <img decoding=\"async\" class=\"alignnone size-medium wp-image-6132\" src=\"https:\/\/cofarco.com.ar\/ar\/wp-content\/uploads\/2021\/04\/Afiches_P\u00e1gina_3-286x400.jpg\" alt=\"\" width=\"286\" height=\"400\" \/> <img loading=\"lazy\" decoding=\"async\" class=\"alignnone size-medium wp-image-6133\" src=\"https:\/\/cofarco.com.ar\/ar\/wp-content\/uploads\/2021\/04\/Afiches_P\u00e1gina_4-286x400.jpg\" alt=\"\" width=\"286\" height=\"400\" \/>\n<div class=\"gde-error\">GDE Error: Error al recuperar el fichero. Si es necesario, desactiva la comprobaci\u00f3n de errores (404:Not Found)<\/div>\n\n<div id=\"LPBorder_GTaHR0cHM6Ly93d3cucGFtaS5vcmcuYXIvYW50aWdyaXBhbA..\" class=\"LPBorder673738\">\n<div class=\"_2Ypz6DjF0cnPXsnj_7roel\"><\/div>\n<\/div>\n","protected":false},"excerpt":{"rendered":"<p>Nos dirigimos a ustedes en relaci\u00f3n a la CAMPA\u00d1A de VACUNACI\u00d3N ANTIGRIPAL PAMI 2.021 a fin de darle algunas precisiones que tenemos y expresarles aquello sobre lo que todav\u00eda carecemos de confirmaci\u00f3n. \u00b7\u00a0\u00a0\u00a0\u00a0\u00a0\u00a0\u00a0\u00a0 Los afiliados deben preisncribirse a partir de hoy, lunes 26 de abril, en la web de PAMI\u00a0https:\/\/www.pami.org.ar\/antigripal\u00a0para lo cual solicitamos le informen [&#8230;]\n","protected":false},"author":2,"featured_media":0,"comment_status":"open","ping_status":"open","sticky":false,"template":"","format":"standard","meta":{"footnotes":""},"categories":[71],"tags":[],"class_list":["post-6129","post","type-post","status-publish","format-standard","hentry","category-noticias"],"_links":{"self":[{"href":"https:\/\/cofarco.com.ar\/ar\/wp-json\/wp\/v2\/posts\/6129","targetHints":{"allow":["GET"]}}],"collection":[{"href":"https:\/\/cofarco.com.ar\/ar\/wp-json\/wp\/v2\/posts"}],"about":[{"href":"https:\/\/cofarco.com.ar\/ar\/wp-json\/wp\/v2\/types\/post"}],"author":[{"embeddable":true,"href":"https:\/\/cofarco.com.ar\/ar\/wp-json\/wp\/v2\/users\/2"}],"replies":[{"embeddable":true,"href":"https:\/\/cofarco.com.ar\/ar\/wp-json\/wp\/v2\/comments?post=6129"}],"version-history":[{"count":1,"href":"https:\/\/cofarco.com.ar\/ar\/wp-json\/wp\/v2\/posts\/6129\/revisions"}],"predecessor-version":[{"id":6135,"href":"https:\/\/cofarco.com.ar\/ar\/wp-json\/wp\/v2\/posts\/6129\/revisions\/6135"}],"wp:attachment":[{"href":"https:\/\/cofarco.com.ar\/ar\/wp-json\/wp\/v2\/media?parent=6129"}],"wp:term":[{"taxonomy":"category","embeddable":true,"href":"https:\/\/cofarco.com.ar\/ar\/wp-json\/wp\/v2\/categories?post=6129"},{"taxonomy":"post_tag","embeddable":true,"href":"https:\/\/cofarco.com.ar\/ar\/wp-json\/wp\/v2\/tags?post=6129"}],"curies":[{"name":"wp","href":"https:\/\/api.w.org\/{rel}","templated":true}]}}