{"id":6274,"date":"2021-05-18T10:15:58","date_gmt":"2021-05-18T13:15:58","guid":{"rendered":"http:\/\/cofarco.com.ar\/ar\/?p=6274"},"modified":"2021-05-18T10:18:04","modified_gmt":"2021-05-18T13:18:04","slug":"cursos-virtuales-2021-colegio-de-farmaceuticos-de-cordoba","status":"publish","type":"post","link":"https:\/\/cofarco.com.ar\/ar\/2021\/05\/18\/cursos-virtuales-2021-colegio-de-farmaceuticos-de-cordoba\/","title":{"rendered":"Cursos virtuales 2021 &#8211; Colegio de Farmac\u00e9uticos de C\u00f3rdoba"},"content":{"rendered":"<p>CURSOS ONLINE 2021<\/p>\n<p style=\"text-align: center;\"><strong>ACTUALIZACION EN DEMENCIAS: ALZHEIMER<\/strong><\/p>\n<p>Director del curso y docente: Dr. Federico Buonanotte<\/p>\n<p>Especialista en Neurolog\u00eda. Profesor de Neurolog\u00eda de la Facultad de Ciencias M\u00e9dicas, Universidad Nacional de C\u00f3rdoba. Jefe de Neurolog\u00eda Sanatorio Allende C\u00f3rdoba. Jefe de Neurolog\u00eda del Hospital Nacional de Cl\u00ednicas de C\u00f3rdoba. Ex Presidente de la Asociaci\u00f3n Latinoamericana de Cefaleas. Jefe del Departamento de Cefaleas del Hospital Cl\u00ednicas de C\u00f3rdoba.<\/p>\n<p><strong>Contenidos:<\/strong><\/p>\n<p>Demencias y deterioro cognitivo conductual. Conceptos. Epidemiolog\u00eda y clasificaci\u00f3n. Factores de riesgo. Dominios cognitivos. Generalidades. Evaluaci\u00f3n general de trastornos cognitivos. Demencia Tipo Alzheimer. Otras demencias degenerativas. Deterioro cognitivo vascular. S\u00edndromes demenciales reversibles. Estrategias farmacol\u00f3gicas. Desordenes conductuales en el paciente con demencia. Abordaje no farmacol\u00f3gico. Rehabilitaci\u00f3n cognitiva. Mitos y realidades. Cuidados paliativos en el paciente con enfermedad avanzada.<\/p>\n<p><strong>Inicio:<\/strong> 28 de mayo de 2021<\/p>\n<p><strong>Duraci\u00f3n:<\/strong> 6 semanas<\/p>\n<p>Inversi\u00f3n: $ 3500<\/p>\n<p>Dirigido a farmac\u00e9uticos y estudiantes del \u00faltimo a\u00f1o de la carrera de farmacia (con condici\u00f3n acreditable)<\/p>\n<p>(*) Farmac\u00e9uticos Colfacor Gesti\u00f3n: 30% de descuento a descontar de Obras Sociales en un pago.<\/p>\n<p>(*) Farmac\u00e9uticos Certificados y Recertificados: 10% de descuento pago de contado o\u00a0tarjeta de cr\u00e9dito.<\/p>\n<p>Este curso otorga cr\u00e9ditos para certificaci\u00f3n y recertificaci\u00f3n profesional.<\/p>\n<p>Organiza: \u00c1rea de Capacitaci\u00f3n y Responsabilidad Social Colegio de Farmac\u00e9uticos de la Provincia de C\u00f3rdoba.<\/p>\n<p>Informes e Inscripciones: capacitacion@colfacor.org.ar<\/p>\n<p>Web: www.colfacor.org.ar<\/p>\n<p>Tel. 0351-4249511 int. 230\/231\/264<\/p>\n<p>&nbsp;<\/p>\n<p>CURSOS ONLINE 2021<\/p>\n<p style=\"text-align: center;\"><strong>ACTUALIZACI\u00d3N EN VACUNAS: COVID 19, NEUMOC\u00d3CICA Y ANTIGRIPAL<\/strong><\/p>\n<p>Dra. Ana Ceballos<\/p>\n<p>M\u00e9dica Pediatra. Especialista en Infectolog\u00eda. Investigadora del Centro de Investigaciones del IMRC. Miembro del Comit\u00e9 Nacional de Infectolog\u00eda de la Sociedad Argentina de Pediatr\u00eda &#8211; SAP.<\/p>\n<p>Dra. Miriam Calvari<\/p>\n<p>M\u00e9dica Pediatra. Especialista en Infectolog\u00eda. Jefa del Servicio de Infectolog\u00eda- Hospital Pedi\u00e1trico del Ni\u00f1o Jes\u00fas. Miembro del Comit\u00e9 Nacional de Infectolog\u00eda de la Sociedad Argentina de Pediatr\u00eda \u2013 SAP.<\/p>\n<p><strong>Contenidos:<\/strong><\/p>\n<p>Vacunas Covid-19: Estado actual. Plataformas de desarrollo. Vacunas aprobadas mundialmente. Vacunas Covid-19 aprobadas en Argentina. Lineamientos t\u00e9cnicos.<\/p>\n<p>Vacunas neumoc\u00f3cicas y antigripal: Puesta al d\u00eda. Caracter\u00edsticas de las vacuna neumoc\u00f3cica y antigripal. Vacunas disponibles en Argentina.<\/p>\n<p>Esquemas de vacunaci\u00f3n en la coadministraci\u00f3n con otras vacunas.<\/p>\n<p><strong>Inicio<\/strong>: 28 de mayo de 2021<\/p>\n<p><strong>Duraci\u00f3n:<\/strong> 6 semanas<\/p>\n<p><strong>Inversi\u00f3n:<\/strong> Gratuito<\/p>\n<p>Este curso es subvencionado por la Fundac\u00f3n Farmac\u00e9utica para la Prevenci\u00f3n y Educaci\u00f3n en Salud Comunitaria (Fundaci\u00f3n Presac) y Colegio de Farmac\u00e9uticos de la Provincia de C\u00f3rdoba.<\/p>\n<p>Dirigido a farmac\u00e9uticos y estudiantes del \u00faltimo a\u00f1o de la carrera de farmacia (con condici\u00f3n acreditable)<\/p>\n<p>Este curso otorga cr\u00e9ditos para certificaci\u00f3n y recertificaci\u00f3n profesional.<\/p>\n<p>Organiza: \u00c1rea de Capacitaci\u00f3n y Responsabilidad Social Colegio de Farmac\u00e9uticos de la Provincia de C\u00f3rdoba. Fundaci\u00f3n PRESAC<\/p>\n<p>Informes e Inscripciones: capacitacion@colfacor.org.ar<\/p>\n<p>Web: www.colfacor.org.ar<\/p>\n<p>Tel. 0351-4249511 int. 230\/231\/264<\/p>\n<p>&nbsp;<\/p>\n<p>CURSO ON-LINE 2021<\/p>\n<p style=\"text-align: center;\"><strong>URTICARIA CR\u00d3NICA<\/strong><\/p>\n<p>Direcci\u00f3n y contenidos: Prof. Dr. Jos\u00e9 Galimany<\/p>\n<p>M\u00e9dico (Facultad de Ciencias M\u00e9dicas UNR). Especialista en Alergolog\u00eda Especialista en Inmunolog\u00eda-Alergia. Doctor en Ciencias Biom\u00e9dicas. Jefe de Servicio del Instituto de Alergia e Inmunolog\u00eda del Sanatorio Brit\u00e1nico de Rosario. Director de la Carrera de Posgrado de Especializaci\u00f3n en Alergia e Inmunologia, Escuela de Medicina, Instituto Universitario Italiano de Rosario. Ha sido Autor de m\u00e1s de 50 Trabajos Cient\u00edficos sobre la especialidad, habiendo obtenido tres premios por la presentaci\u00f3n de los mismos. Fue Presidente de la Asociaci\u00f3n de Alergia e Inmunolog\u00eda de Rosario, en el per\u00edodo 1998-2001.Fue Editor Ejecutivo y Secretario de Redacci\u00f3n del Consejo Editor de Inmunoalergia, \u00d3rgano Oficial de la Asociaci\u00f3n de Alergia e Inmunolog\u00eda de Rosario. Se ha desempe\u00f1ado como Director Asociado del Bolet\u00edn de Noticias de la Asociaci\u00f3n Argentina de Alergia e Inmunolog\u00eda Cl\u00ednica, a\u00f1os 2003 y 2004. Miembro del comit\u00e9 de Redacci\u00f3n de la Revista Enfoques. \u00d3rgano de publicaci\u00f3n del Comit\u00e9 de Educaci\u00f3n M\u00e9dica Continua de la Asociaci\u00f3n Argentina de Alergia e Inmunolog\u00eda. Miembro del Comit\u00e9 de Educaci\u00f3n M\u00e9dica Continua de la Asociaci\u00f3n Argentina de Alergia e Inmunolog\u00eda. Coordinador del Comit\u00e9 Cient\u00edfico, Inmunoalergia en Dermatolog\u00eda de la Asociaci\u00f3n Argentina de Alergia e Inmunolog\u00eda Cl\u00ednica.<\/p>\n<p>Contenidos: Urticaria. Angioedema. Definiciones. Epidemiologia. Histopatolog\u00eda. Clasificaci\u00f3n. Mecanismos fisiopatol\u00f3gicos. Patog\u00e9nesis de la urticaria cr\u00f3nica. Urticaria cr\u00f3nica inducible. Generalidades y clasificaci\u00f3n. Urticarias f\u00edsicas: Dermografismo sintom\u00e1tico. Urticaria retardada por presi\u00f3n. Urticaria\/edema vibratorio. Urticaria por fr\u00edo. Urticaria por calor. Urticaria solar. Urticaria colin\u00e9rgica. Urticaria acuag\u00e9nica. Urticaria por contacto. Urticaria autoinmune. Urticaria cr\u00f3nica espont\u00e1nea y enfermedades autoinmunes. Como estimar la actividad, el impacto en la calidad de vida y el control de la enfermedad. Diagn\u00f3sticos diferenciales. Evaluaci\u00f3n del paciente con urticaria y angioedema. Tratamiento de la urticaria cr\u00f3nica espont\u00e1nea. Medidas generales. Antihistam\u00ednicos. Clasificaci\u00f3n. Farmacocin\u00e9tica y farmacodinamia. Efectos adversos. Biol\u00f3gicos en urticaria cr\u00f3nica. Tratamientos no convencionales. Impacto econ\u00f3mico de la urticaria cr\u00f3nica.<\/p>\n<p><strong>Inicio:<\/strong> 28 de mayo de 2021<\/p>\n<p><strong>Duraci\u00f3n:<\/strong> 6 semanas<\/p>\n<p><strong>Inversi\u00f3n:<\/strong> $ 3500<\/p>\n<p>Dirigido a farmac\u00e9uticos y estudiantes del \u00faltimo a\u00f1o de la carrera de farmacia (con condici\u00f3n acreditable)<\/p>\n<p>(*) Farmac\u00e9uticos Colfacor Gesti\u00f3n: 30% de descuento a descontar de Obras Sociales en un pago.<\/p>\n<p>(*) Farmac\u00e9uticos Certificados y Recertificados: 10% de descuento pago de contado o\u00a0tarjeta de cr\u00e9dito.<\/p>\n<p>Este curso otorga cr\u00e9ditos para certificaci\u00f3n y recertificaci\u00f3n profesional.<\/p>\n<p>Organiza: \u00c1rea de Capacitaci\u00f3n y Responsabilidad Social Colegio de Farmac\u00e9uticos de la Provincia de C\u00f3rdoba.<\/p>\n<p>Informes e Inscripciones: capacitacion@colfacor.org.ar<\/p>\n<p>Web: www.colfacor.org.ar<\/p>\n<p>Tel. 0351-4249511 int. 230\/231\/264<\/p>\n","protected":false},"excerpt":{"rendered":"<p>CURSOS ONLINE 2021 ACTUALIZACION EN DEMENCIAS: ALZHEIMER Director del curso y docente: Dr. Federico Buonanotte Especialista en Neurolog\u00eda. Profesor de Neurolog\u00eda de la Facultad de Ciencias M\u00e9dicas, Universidad Nacional de C\u00f3rdoba. Jefe de Neurolog\u00eda Sanatorio Allende C\u00f3rdoba. Jefe de Neurolog\u00eda del Hospital Nacional de Cl\u00ednicas de C\u00f3rdoba. Ex Presidente de la Asociaci\u00f3n Latinoamericana de Cefaleas. [&#8230;]\n","protected":false},"author":2,"featured_media":0,"comment_status":"open","ping_status":"open","sticky":false,"template":"","format":"standard","meta":{"footnotes":""},"categories":[68],"tags":[],"class_list":["post-6274","post","type-post","status-publish","format-standard","hentry","category-cursos"],"_links":{"self":[{"href":"https:\/\/cofarco.com.ar\/ar\/wp-json\/wp\/v2\/posts\/6274","targetHints":{"allow":["GET"]}}],"collection":[{"href":"https:\/\/cofarco.com.ar\/ar\/wp-json\/wp\/v2\/posts"}],"about":[{"href":"https:\/\/cofarco.com.ar\/ar\/wp-json\/wp\/v2\/types\/post"}],"author":[{"embeddable":true,"href":"https:\/\/cofarco.com.ar\/ar\/wp-json\/wp\/v2\/users\/2"}],"replies":[{"embeddable":true,"href":"https:\/\/cofarco.com.ar\/ar\/wp-json\/wp\/v2\/comments?post=6274"}],"version-history":[{"count":1,"href":"https:\/\/cofarco.com.ar\/ar\/wp-json\/wp\/v2\/posts\/6274\/revisions"}],"predecessor-version":[{"id":6276,"href":"https:\/\/cofarco.com.ar\/ar\/wp-json\/wp\/v2\/posts\/6274\/revisions\/6276"}],"wp:attachment":[{"href":"https:\/\/cofarco.com.ar\/ar\/wp-json\/wp\/v2\/media?parent=6274"}],"wp:term":[{"taxonomy":"category","embeddable":true,"href":"https:\/\/cofarco.com.ar\/ar\/wp-json\/wp\/v2\/categories?post=6274"},{"taxonomy":"post_tag","embeddable":true,"href":"https:\/\/cofarco.com.ar\/ar\/wp-json\/wp\/v2\/tags?post=6274"}],"curies":[{"name":"wp","href":"https:\/\/api.w.org\/{rel}","templated":true}]}}