{"id":6366,"date":"2021-06-01T13:09:00","date_gmt":"2021-06-01T16:09:00","guid":{"rendered":"http:\/\/cofarco.com.ar\/ar\/?p=6366"},"modified":"2021-06-01T13:09:00","modified_gmt":"2021-06-01T16:09:00","slug":"puesto-laboral-en-colon-entre-rios","status":"publish","type":"post","link":"https:\/\/cofarco.com.ar\/ar\/2021\/06\/01\/puesto-laboral-en-colon-entre-rios\/","title":{"rendered":"Puesto Laboral en Col\u00f3n, Entre R\u00edos"},"content":{"rendered":"<p>El Colegio de Farmac\u00e9uticos de la Provincia de Corrientes informa que la Farmacia Francia, de Col\u00f3n (Entre R\u00edos), busca profesional para incorporar como director t\u00e9cnico.<\/p>\n<p>Los interesados deber\u00e1n contactarse con el Sr. Ian, al Cel: 3447 430740 o al mail: miltonian87@hotmail.com .-<br \/>\nSaludos.-<\/p>\n<p>Atte. COFARCO.-<\/p>\n","protected":false},"excerpt":{"rendered":"<p>El Colegio de Farmac\u00e9uticos de la Provincia de Corrientes informa que la Farmacia Francia, de Col\u00f3n (Entre R\u00edos), busca profesional para incorporar como director t\u00e9cnico. Los interesados deber\u00e1n contactarse con el Sr. Ian, al Cel: 3447 430740 o al mail: miltonian87@hotmail.com .- Saludos.- Atte. COFARCO.-<\/p>\n","protected":false},"author":2,"featured_media":0,"comment_status":"open","ping_status":"open","sticky":false,"template":"","format":"standard","meta":{"footnotes":""},"categories":[73],"tags":[],"class_list":["post-6366","post","type-post","status-publish","format-standard","hentry","category-ofertas-laborales"],"_links":{"self":[{"href":"https:\/\/cofarco.com.ar\/ar\/wp-json\/wp\/v2\/posts\/6366","targetHints":{"allow":["GET"]}}],"collection":[{"href":"https:\/\/cofarco.com.ar\/ar\/wp-json\/wp\/v2\/posts"}],"about":[{"href":"https:\/\/cofarco.com.ar\/ar\/wp-json\/wp\/v2\/types\/post"}],"author":[{"embeddable":true,"href":"https:\/\/cofarco.com.ar\/ar\/wp-json\/wp\/v2\/users\/2"}],"replies":[{"embeddable":true,"href":"https:\/\/cofarco.com.ar\/ar\/wp-json\/wp\/v2\/comments?post=6366"}],"version-history":[{"count":1,"href":"https:\/\/cofarco.com.ar\/ar\/wp-json\/wp\/v2\/posts\/6366\/revisions"}],"predecessor-version":[{"id":6367,"href":"https:\/\/cofarco.com.ar\/ar\/wp-json\/wp\/v2\/posts\/6366\/revisions\/6367"}],"wp:attachment":[{"href":"https:\/\/cofarco.com.ar\/ar\/wp-json\/wp\/v2\/media?parent=6366"}],"wp:term":[{"taxonomy":"category","embeddable":true,"href":"https:\/\/cofarco.com.ar\/ar\/wp-json\/wp\/v2\/categories?post=6366"},{"taxonomy":"post_tag","embeddable":true,"href":"https:\/\/cofarco.com.ar\/ar\/wp-json\/wp\/v2\/tags?post=6366"}],"curies":[{"name":"wp","href":"https:\/\/api.w.org\/{rel}","templated":true}]}}