{"id":6384,"date":"2021-06-04T13:10:15","date_gmt":"2021-06-04T16:10:15","guid":{"rendered":"http:\/\/cofarco.com.ar\/ar\/?p=6384"},"modified":"2021-06-04T13:10:15","modified_gmt":"2021-06-04T16:10:15","slug":"puesto-laboral-en-el-calafate-farmaceutico-para-direccion-tecnica","status":"publish","type":"post","link":"https:\/\/cofarco.com.ar\/ar\/2021\/06\/04\/puesto-laboral-en-el-calafate-farmaceutico-para-direccion-tecnica\/","title":{"rendered":"Puesto Laboral en El Calafate : Farmac\u00e9utico para Direcci\u00f3n T\u00e9cnica"},"content":{"rendered":"<p>Farmacia Central abre una sucursal en la zona c\u00e9ntrica de la ciudad de El Calafate, provincia de Santa Cruz, motivo por el que se encuentran en la b\u00fasqueda de Profesional Farmac\u00e9utico\/a para\u00a0Direcci\u00f3n T\u00e9cnica.<\/p>\n<p>Tareas a realizar: atenci\u00f3n al p\u00fablico, compras, libros, control de stock.<\/p>\n<p>Requisitos: matricula vigente, buena presencia, excelente trato y aptitud para trabajo en equipo.<\/p>\n<p>Jornada laboral: Full time.<\/p>\n<p>Se ofrece sueldo acorde a su funci\u00f3n, m\u00e1s vivienda.<\/p>\n<p>Interesados contactarse v\u00eda mail a farmaciacental@cotecal.com.ar o al tel. movil: 02966 629985<\/p>\n","protected":false},"excerpt":{"rendered":"<p>Farmacia Central abre una sucursal en la zona c\u00e9ntrica de la ciudad de El Calafate, provincia de Santa Cruz, motivo por el que se encuentran en la b\u00fasqueda de Profesional Farmac\u00e9utico\/a para\u00a0Direcci\u00f3n T\u00e9cnica. Tareas a realizar: atenci\u00f3n al p\u00fablico, compras, libros, control de stock. Requisitos: matricula vigente, buena presencia, excelente trato y aptitud para trabajo [&#8230;]\n","protected":false},"author":2,"featured_media":0,"comment_status":"open","ping_status":"open","sticky":false,"template":"","format":"standard","meta":{"footnotes":""},"categories":[73],"tags":[],"class_list":["post-6384","post","type-post","status-publish","format-standard","hentry","category-ofertas-laborales"],"_links":{"self":[{"href":"https:\/\/cofarco.com.ar\/ar\/wp-json\/wp\/v2\/posts\/6384","targetHints":{"allow":["GET"]}}],"collection":[{"href":"https:\/\/cofarco.com.ar\/ar\/wp-json\/wp\/v2\/posts"}],"about":[{"href":"https:\/\/cofarco.com.ar\/ar\/wp-json\/wp\/v2\/types\/post"}],"author":[{"embeddable":true,"href":"https:\/\/cofarco.com.ar\/ar\/wp-json\/wp\/v2\/users\/2"}],"replies":[{"embeddable":true,"href":"https:\/\/cofarco.com.ar\/ar\/wp-json\/wp\/v2\/comments?post=6384"}],"version-history":[{"count":1,"href":"https:\/\/cofarco.com.ar\/ar\/wp-json\/wp\/v2\/posts\/6384\/revisions"}],"predecessor-version":[{"id":6385,"href":"https:\/\/cofarco.com.ar\/ar\/wp-json\/wp\/v2\/posts\/6384\/revisions\/6385"}],"wp:attachment":[{"href":"https:\/\/cofarco.com.ar\/ar\/wp-json\/wp\/v2\/media?parent=6384"}],"wp:term":[{"taxonomy":"category","embeddable":true,"href":"https:\/\/cofarco.com.ar\/ar\/wp-json\/wp\/v2\/categories?post=6384"},{"taxonomy":"post_tag","embeddable":true,"href":"https:\/\/cofarco.com.ar\/ar\/wp-json\/wp\/v2\/tags?post=6384"}],"curies":[{"name":"wp","href":"https:\/\/api.w.org\/{rel}","templated":true}]}}