{"id":6459,"date":"2021-06-17T09:55:01","date_gmt":"2021-06-17T12:55:01","guid":{"rendered":"http:\/\/cofarco.com.ar\/ar\/?p=6459"},"modified":"2021-06-17T09:55:01","modified_gmt":"2021-06-17T12:55:01","slug":"descuento-especial-en-el-hotel-colonial-salta","status":"publish","type":"post","link":"https:\/\/cofarco.com.ar\/ar\/2021\/06\/17\/descuento-especial-en-el-hotel-colonial-salta\/","title":{"rendered":"Descuento especial en el Hotel Colonial Salta"},"content":{"rendered":"<p>Los asociados del Colegio de Farmac\u00e9uticos de Corrientes podr\u00e1n acceder a importantes beneficios en el Hotel Colonial Salta, de la Ciudad de Salta (Direcci\u00f3n: Zuvir\u00eda N\u00b0 6 \u2013 Plaza principal), gracias a un convenio firmado entre la instituci\u00f3n y los referentes de la empresa hotelera en el mes de Junio del corriente a\u00f1o.<\/p>\n<p>Se trata de un convenio marco que establece descuentos del 20% sobre las tarifas de alojamiento con desayuno incluido (sin IVA) para los socios de COFARCO. Se podr\u00e1 acceder a los beneficios, siempre y cuando haya plazas disponibles y con reservas previas al tel: (0387) 4211740 \/ 4310805 \u2013 Fax (54 \u2013 387) 4314249 o al mail: reservas@saltahotelcolonial.com.ar.-<\/p>\n<p>Consultas v\u00eda mail: info@saltahotelcolonial.com.ar .-<\/p>\n<p>Recordamos que los interesados en acceder a los descuentos deber\u00e1n presentar su carnet de asociado\/a o solicitar su constancia de socio\/a vigente del Colegio de Farmac\u00e9uticos de la Pcia.\u00a0 de Corrientes, al mail: colfarmaceuticosctes@cofarco.com.ar o a los\u00a0 tel\u00e9fonos: 0379 4425707\/4426749.<\/p>\n<p>Sin otro particular, saludamos a ustedes atentamente.<br \/>\nColegio de Farmac\u00e9uticos de Corrientes (COFARCO)- Santa Fe 1186.-<br \/>\nTel\u00e9fono (379-4425707\/4426749).<\/p>\n","protected":false},"excerpt":{"rendered":"<p>Los asociados del Colegio de Farmac\u00e9uticos de Corrientes podr\u00e1n acceder a importantes beneficios en el Hotel Colonial Salta, de la Ciudad de Salta (Direcci\u00f3n: Zuvir\u00eda N\u00b0 6 \u2013 Plaza principal), gracias a un convenio firmado entre la instituci\u00f3n y los referentes de la empresa hotelera en el mes de Junio del corriente a\u00f1o. Se trata [&#8230;]\n","protected":false},"author":2,"featured_media":0,"comment_status":"open","ping_status":"open","sticky":false,"template":"","format":"standard","meta":{"footnotes":""},"categories":[71],"tags":[],"class_list":["post-6459","post","type-post","status-publish","format-standard","hentry","category-noticias"],"_links":{"self":[{"href":"https:\/\/cofarco.com.ar\/ar\/wp-json\/wp\/v2\/posts\/6459","targetHints":{"allow":["GET"]}}],"collection":[{"href":"https:\/\/cofarco.com.ar\/ar\/wp-json\/wp\/v2\/posts"}],"about":[{"href":"https:\/\/cofarco.com.ar\/ar\/wp-json\/wp\/v2\/types\/post"}],"author":[{"embeddable":true,"href":"https:\/\/cofarco.com.ar\/ar\/wp-json\/wp\/v2\/users\/2"}],"replies":[{"embeddable":true,"href":"https:\/\/cofarco.com.ar\/ar\/wp-json\/wp\/v2\/comments?post=6459"}],"version-history":[{"count":1,"href":"https:\/\/cofarco.com.ar\/ar\/wp-json\/wp\/v2\/posts\/6459\/revisions"}],"predecessor-version":[{"id":6461,"href":"https:\/\/cofarco.com.ar\/ar\/wp-json\/wp\/v2\/posts\/6459\/revisions\/6461"}],"wp:attachment":[{"href":"https:\/\/cofarco.com.ar\/ar\/wp-json\/wp\/v2\/media?parent=6459"}],"wp:term":[{"taxonomy":"category","embeddable":true,"href":"https:\/\/cofarco.com.ar\/ar\/wp-json\/wp\/v2\/categories?post=6459"},{"taxonomy":"post_tag","embeddable":true,"href":"https:\/\/cofarco.com.ar\/ar\/wp-json\/wp\/v2\/tags?post=6459"}],"curies":[{"name":"wp","href":"https:\/\/api.w.org\/{rel}","templated":true}]}}