{"id":6464,"date":"2021-06-17T18:26:06","date_gmt":"2021-06-17T21:26:06","guid":{"rendered":"http:\/\/cofarco.com.ar\/ar\/?p=6464"},"modified":"2021-06-17T18:29:42","modified_gmt":"2021-06-17T21:29:42","slug":"entrevista-de-desiree-lancelle-somos-personal-de-salud-y-no-fuimos-incluidos-en-la-vacunacion","status":"publish","type":"post","link":"https:\/\/cofarco.com.ar\/ar\/2021\/06\/17\/entrevista-de-desiree-lancelle-somos-personal-de-salud-y-no-fuimos-incluidos-en-la-vacunacion\/","title":{"rendered":"Entrevista: \u201cSomos personal de salud y no fuimos incluidos en la vacunaci\u00f3n\u201d"},"content":{"rendered":"<p>En el programa Final Abierto entrevistaron a la presidenta del Colegio de Farmac\u00e9uticos de Corrientes (COFARCO), Desire\u00e9 Lancelle, sobre los reclamos que lleva adelante el sector por la demora en la vacunaci\u00f3n de los profesionales farmac\u00e9uticos de la provincia, como trabajadores esenciales de la salud.<\/p>\n<p>Durante la charla, la presidente de COFARCO destac\u00f3 el rol del farmac\u00e9utico en la acci\u00f3n preventiva frente a la Pandemia y expuso sobre la realidad de las Farmacias en Corrientes.<\/p>\n<p>Podr\u00e1n acceder a la entrevista completa en: <a href=\"https:\/\/youtu.be\/N8qsHSFyfsU\">https:\/\/youtu.be\/N8qsHSFyfsU<\/a><\/p>\n<p>&nbsp;<\/p>\n<p><img fetchpriority=\"high\" decoding=\"async\" class=\"alignnone size-medium wp-image-6466\" src=\"https:\/\/cofarco.com.ar\/ar\/wp-content\/uploads\/2021\/06\/desi-1-600x400.jpg\" alt=\"\" width=\"600\" height=\"400\" \/><\/p>\n","protected":false},"excerpt":{"rendered":"<p>En el programa Final Abierto entrevistaron a la presidenta del Colegio de Farmac\u00e9uticos de Corrientes (COFARCO), Desire\u00e9 Lancelle, sobre los reclamos que lleva adelante el sector por la demora en la vacunaci\u00f3n de los profesionales farmac\u00e9uticos de la provincia, como trabajadores esenciales de la salud. Durante la charla, la presidente de COFARCO destac\u00f3 el rol [&#8230;]\n","protected":false},"author":2,"featured_media":0,"comment_status":"open","ping_status":"open","sticky":false,"template":"","format":"standard","meta":{"footnotes":""},"categories":[71],"tags":[],"class_list":["post-6464","post","type-post","status-publish","format-standard","hentry","category-noticias"],"_links":{"self":[{"href":"https:\/\/cofarco.com.ar\/ar\/wp-json\/wp\/v2\/posts\/6464","targetHints":{"allow":["GET"]}}],"collection":[{"href":"https:\/\/cofarco.com.ar\/ar\/wp-json\/wp\/v2\/posts"}],"about":[{"href":"https:\/\/cofarco.com.ar\/ar\/wp-json\/wp\/v2\/types\/post"}],"author":[{"embeddable":true,"href":"https:\/\/cofarco.com.ar\/ar\/wp-json\/wp\/v2\/users\/2"}],"replies":[{"embeddable":true,"href":"https:\/\/cofarco.com.ar\/ar\/wp-json\/wp\/v2\/comments?post=6464"}],"version-history":[{"count":2,"href":"https:\/\/cofarco.com.ar\/ar\/wp-json\/wp\/v2\/posts\/6464\/revisions"}],"predecessor-version":[{"id":6468,"href":"https:\/\/cofarco.com.ar\/ar\/wp-json\/wp\/v2\/posts\/6464\/revisions\/6468"}],"wp:attachment":[{"href":"https:\/\/cofarco.com.ar\/ar\/wp-json\/wp\/v2\/media?parent=6464"}],"wp:term":[{"taxonomy":"category","embeddable":true,"href":"https:\/\/cofarco.com.ar\/ar\/wp-json\/wp\/v2\/categories?post=6464"},{"taxonomy":"post_tag","embeddable":true,"href":"https:\/\/cofarco.com.ar\/ar\/wp-json\/wp\/v2\/tags?post=6464"}],"curies":[{"name":"wp","href":"https:\/\/api.w.org\/{rel}","templated":true}]}}