{"id":6657,"date":"2021-07-22T13:53:58","date_gmt":"2021-07-22T16:53:58","guid":{"rendered":"http:\/\/cofarco.com.ar\/ar\/?p=6657"},"modified":"2021-07-22T13:53:58","modified_gmt":"2021-07-22T16:53:58","slug":"invitacion-evento-virtual-edicion-nea-drogueria-del-sud","status":"publish","type":"post","link":"https:\/\/cofarco.com.ar\/ar\/2021\/07\/22\/invitacion-evento-virtual-edicion-nea-drogueria-del-sud\/","title":{"rendered":"INVITACION: Evento virtual edici\u00f3n NEA &#8211; Droguer\u00eda del Sud"},"content":{"rendered":"<p>Desde el jueves 22 hasta el domingo 25 de julio abrimos virtualmente nuestro Centro de Distribuci\u00f3n Corrientes para dar lugar al evento<br \/>\npara farmacias m\u00e1s importante del pa\u00eds, \u00a1y en exclusiva para nuestros clientes de la regi\u00f3n NEA!<\/p>\n<p>Farmacias clientes de la regi\u00f3n podr\u00e1n aprovechar 96 horas ininterrumpidas de las mejores ofertas de proveedores medicinales y no medicinales l\u00edderes para el Canal, recorriendo m\u00e1s de 85 stands virtuales con navegaci\u00f3n 360\u00b0.<br \/>\nEl evento, adem\u00e1s, contar\u00e1 con diversas capacitaciones, atenci\u00f3n comercial personalizada y conferencias en vivo imperdibles.<\/p>\n<p>Se accede desde la web\u00a0<a href=\"https:\/\/expoesencia.com.ar\/\" target=\"_blank\" rel=\"noopener noreferrer\" data-auth=\"NotApplicable\" data-linkindex=\"0\">https:\/\/expoesencia.com.ar\/<\/a><\/p>\n<p>\ud83d\uddd3\ufe0f Jueves 22\/07 \u2013 17.00 hs. SITUACI\u00d3N ACTUAL DE LA FARMACIA EN LA REGI\u00d3N.<\/p>\n<p>Una mesa de actualidad moderada por Eduardo Tchouhadjian, Consultor en Marketing y Gesti\u00f3n en el Negocio Farmac\u00e9utico, con la presencia de:<\/p>\n<p>\ud83c\udf99 Mar\u00eda Laura Devoto, Directora Senior de Consultor\u00eda y servicios para la regi\u00f3n Andes y SOLA en IQVIA.<\/p>\n<p>\ud83c\udf99 Miguel \u00c1ngel Lombardo, Presidente de la Federaci\u00f3n Argentina de C\u00e1maras de Farmacias (FACAF).<\/p>\n<p>\ud83c\udf99 Desiree Lancelle, Presidente del Colegio de Farmac\u00e9uticos de Corrientes.<\/p>\n<p>\ud83c\udf99 Mar\u00eda In\u00e9s Ar\u00e9valo, Presidente del Colegio de Farmac\u00e9uticos del Chaco.<\/p>\n<p>\ud83c\udf99 Atilio Garcia Plichta, Subsecretario de Promoci\u00f3n de la Salud de la Provincia del Chaco.<\/p>\n<p>Se accede desde:\u00a0<a href=\"https:\/\/youtu.be\/24KljGDi1p4\" target=\"_blank\" rel=\"noopener noreferrer\" data-auth=\"NotApplicable\" data-linkindex=\"1\">https:\/\/youtu.be\/24KljGDi1p4<\/a><\/p>\n<p>\ud83d\uddd3\ufe0f Viernes 23\/07 \u2013 14 hs. C\u00d3MO POTENCIAR LAS VENTAS A TRAV\u00c9S DEL SERVICIO Y LA OMNICANALIDAD.<\/p>\n<p>Fernando Luchetti, Capacitador especializado en Negocios, presentar\u00e1 herramientas \u00fatiles que mejoren las ventas y rentabilidad de la<br \/>\nfarmacia.<br \/>\nLa nueva normalidad y el cambio en los h\u00e1bitos de compra llegaron para quedarse. Una excelente gesti\u00f3n de todas las categor\u00edas de productos,<br \/>\nestrategias omnicanal y altos est\u00e1ndares de servicio al cliente son imprescindibles para seguir creciendo.<\/p>\n<p>\ud83d\udcf2 Conoc\u00e9 m\u00e1s en\u00a0<a href=\"https:\/\/lnkd.in\/dJuq_8z\" target=\"_blank\" rel=\"noopener noreferrer\" data-auth=\"NotApplicable\" data-linkindex=\"2\">https:\/\/lnkd.in\/dJuq_8z<\/a><\/p>\n<p>#ExpoEsencia #Farmacias #ExpoVirtual #Ventas #Capacitaci\u00f3n<\/p>\n","protected":false},"excerpt":{"rendered":"<p>Desde el jueves 22 hasta el domingo 25 de julio abrimos virtualmente nuestro Centro de Distribuci\u00f3n Corrientes para dar lugar al evento para farmacias m\u00e1s importante del pa\u00eds, \u00a1y en exclusiva para nuestros clientes de la regi\u00f3n NEA! Farmacias clientes de la regi\u00f3n podr\u00e1n aprovechar 96 horas ininterrumpidas de las mejores ofertas de proveedores medicinales [&#8230;]\n","protected":false},"author":2,"featured_media":0,"comment_status":"open","ping_status":"open","sticky":false,"template":"","format":"standard","meta":{"footnotes":""},"categories":[68],"tags":[],"class_list":["post-6657","post","type-post","status-publish","format-standard","hentry","category-cursos"],"_links":{"self":[{"href":"https:\/\/cofarco.com.ar\/ar\/wp-json\/wp\/v2\/posts\/6657","targetHints":{"allow":["GET"]}}],"collection":[{"href":"https:\/\/cofarco.com.ar\/ar\/wp-json\/wp\/v2\/posts"}],"about":[{"href":"https:\/\/cofarco.com.ar\/ar\/wp-json\/wp\/v2\/types\/post"}],"author":[{"embeddable":true,"href":"https:\/\/cofarco.com.ar\/ar\/wp-json\/wp\/v2\/users\/2"}],"replies":[{"embeddable":true,"href":"https:\/\/cofarco.com.ar\/ar\/wp-json\/wp\/v2\/comments?post=6657"}],"version-history":[{"count":1,"href":"https:\/\/cofarco.com.ar\/ar\/wp-json\/wp\/v2\/posts\/6657\/revisions"}],"predecessor-version":[{"id":6659,"href":"https:\/\/cofarco.com.ar\/ar\/wp-json\/wp\/v2\/posts\/6657\/revisions\/6659"}],"wp:attachment":[{"href":"https:\/\/cofarco.com.ar\/ar\/wp-json\/wp\/v2\/media?parent=6657"}],"wp:term":[{"taxonomy":"category","embeddable":true,"href":"https:\/\/cofarco.com.ar\/ar\/wp-json\/wp\/v2\/categories?post=6657"},{"taxonomy":"post_tag","embeddable":true,"href":"https:\/\/cofarco.com.ar\/ar\/wp-json\/wp\/v2\/tags?post=6657"}],"curies":[{"name":"wp","href":"https:\/\/api.w.org\/{rel}","templated":true}]}}