{"id":6794,"date":"2021-08-13T15:50:28","date_gmt":"2021-08-13T18:50:28","guid":{"rendered":"http:\/\/cofarco.com.ar\/ar\/?p=6794"},"modified":"2021-08-13T15:50:28","modified_gmt":"2021-08-13T18:50:28","slug":"cursos-online-que-ofrece-el-colegio-de-farmaceuticos-de-cordoba","status":"publish","type":"post","link":"https:\/\/cofarco.com.ar\/ar\/2021\/08\/13\/cursos-online-que-ofrece-el-colegio-de-farmaceuticos-de-cordoba\/","title":{"rendered":"CURSOS ONLINE que ofrece el Colegio de Farmac\u00e9uticos de C\u00f3rdoba"},"content":{"rendered":"<p>El Colegio de Farmac\u00e9uticos de la provincia de C\u00f3rdoba organiza una propuesta de capacitaci\u00f3n on-line que iniciar\u00e1 el 03 de Septiembre del corriente, con <strong>descuentos<\/strong> para los profesionales asociados al Colegio de Farmac\u00e9uticos de la Provincia de Corrientes (<strong>COFARCO<\/strong>)<br \/>\n\u00c9sta oferta comprende los siguientes cursos:<\/p>\n<p><strong>EPILEPSIA:<\/strong> DIAGN\u00d3STICO Y TRATAMIENTO. DISCAPACIDAD EN LA EPILEPSIA<br \/>\nDirector del curso y docente: Dr. Federico Buonanotte<\/p>\n<p><strong>CURSO INTENSIVO DE ACTUALIZACI\u00d3N EN TUMORES GINECOL\u00d3GICOS<\/strong><br \/>\nDirector del curso y contenidista: Prof. Dr. Claudio Dubersarsky.<\/p>\n<p><strong>FARMACOVIGILANCIA PARA PERSONAL DE SALUD: CLOZAPINA<\/strong><br \/>\nDirector del curso y docente: Mtr. Elbio Am\u00e9rico Costa<\/p>\n<p>Los profesionales farmac\u00e9uticos\/as asociados\/as al Colegio de Farmac\u00e9uticos de Corrientes (COFARCO) tendr\u00e1n un descuento del 20% en<br \/>\nla inscripci\u00f3n si se inscriben a trav\u00e9s de COFARCO. Para ello deber\u00e1n enviar su datos personales (nombres y apellido completo, DNI, n\u00famero de matricula, mail y celular de contacto) al mail del Colegio de Farmac\u00e9uticos de Corrientes: colfarmaceuticosctes@cofarco.com.ar ; en el mismo deber\u00e1n aclarar a qu\u00e9 curso se quieren inscribir. Una vez recibido dicho mail se les informar\u00e1 la forma de pago para concretar el registro a la propuesta de formaci\u00f3n escogida.<\/p>\n<p>Colegio de Farmac\u00e9uticos de la Provincia de C\u00f3rdoba.<br \/>\n\u00c1rea de Capacitaci\u00f3n y Resp. Social<br \/>\n(+54 351) 424-9511<br \/>\nInt. 231<\/p>\n\n<div class=\"gde-error\">GDE Error: Error al recuperar el fichero. Si es necesario, desactiva la comprobaci\u00f3n de errores (404:Not Found)<\/div>\n\n","protected":false},"excerpt":{"rendered":"<p>El Colegio de Farmac\u00e9uticos de la provincia de C\u00f3rdoba organiza una propuesta de capacitaci\u00f3n on-line que iniciar\u00e1 el 03 de Septiembre del corriente, con descuentos para los profesionales asociados al Colegio de Farmac\u00e9uticos de la Provincia de Corrientes (COFARCO) \u00c9sta oferta comprende los siguientes cursos: EPILEPSIA: DIAGN\u00d3STICO Y TRATAMIENTO. DISCAPACIDAD EN LA EPILEPSIA Director del [&#8230;]\n","protected":false},"author":2,"featured_media":0,"comment_status":"open","ping_status":"open","sticky":false,"template":"","format":"standard","meta":{"footnotes":""},"categories":[68],"tags":[],"class_list":["post-6794","post","type-post","status-publish","format-standard","hentry","category-cursos"],"_links":{"self":[{"href":"https:\/\/cofarco.com.ar\/ar\/wp-json\/wp\/v2\/posts\/6794","targetHints":{"allow":["GET"]}}],"collection":[{"href":"https:\/\/cofarco.com.ar\/ar\/wp-json\/wp\/v2\/posts"}],"about":[{"href":"https:\/\/cofarco.com.ar\/ar\/wp-json\/wp\/v2\/types\/post"}],"author":[{"embeddable":true,"href":"https:\/\/cofarco.com.ar\/ar\/wp-json\/wp\/v2\/users\/2"}],"replies":[{"embeddable":true,"href":"https:\/\/cofarco.com.ar\/ar\/wp-json\/wp\/v2\/comments?post=6794"}],"version-history":[{"count":1,"href":"https:\/\/cofarco.com.ar\/ar\/wp-json\/wp\/v2\/posts\/6794\/revisions"}],"predecessor-version":[{"id":6797,"href":"https:\/\/cofarco.com.ar\/ar\/wp-json\/wp\/v2\/posts\/6794\/revisions\/6797"}],"wp:attachment":[{"href":"https:\/\/cofarco.com.ar\/ar\/wp-json\/wp\/v2\/media?parent=6794"}],"wp:term":[{"taxonomy":"category","embeddable":true,"href":"https:\/\/cofarco.com.ar\/ar\/wp-json\/wp\/v2\/categories?post=6794"},{"taxonomy":"post_tag","embeddable":true,"href":"https:\/\/cofarco.com.ar\/ar\/wp-json\/wp\/v2\/tags?post=6794"}],"curies":[{"name":"wp","href":"https:\/\/api.w.org\/{rel}","templated":true}]}}