{"id":691,"date":"2016-03-01T16:59:01","date_gmt":"2016-03-01T16:59:01","guid":{"rendered":"http:\/\/www.cofarco.com.ar\/web\/?p=691"},"modified":"2016-03-01T16:59:01","modified_gmt":"2016-03-01T16:59:01","slug":"jefe-de-farmacia-oferta-laboral-jf01","status":"publish","type":"post","link":"https:\/\/cofarco.com.ar\/ar\/2016\/03\/01\/jefe-de-farmacia-oferta-laboral-jf01\/","title":{"rendered":"Jefe de Farmacia &#8211; Oferta Laboral (JF01)"},"content":{"rendered":"<p>Oferta laboral orientada a personas con conocimientos en:<br \/>\nProcesador de textos, Hojas de c\u00e1lculo, Internet y correo electr\u00f3nico, Redes sociales.<\/p>\n<p>Mayores de 30 a\u00f1os y de preferencia sexo masculino.<\/p>\n","protected":false},"excerpt":{"rendered":"<p>Oferta laboral orientada a personas con conocimientos en: Procesador de textos, Hojas de c\u00e1lculo, Internet y correo electr\u00f3nico, Redes sociales. Mayores de 30 a\u00f1os y de preferencia sexo masculino.<\/p>\n","protected":false},"author":1,"featured_media":0,"comment_status":"open","ping_status":"open","sticky":false,"template":"","format":"standard","meta":{"footnotes":""},"categories":[73],"tags":[],"class_list":["post-691","post","type-post","status-publish","format-standard","hentry","category-ofertas-laborales"],"_links":{"self":[{"href":"https:\/\/cofarco.com.ar\/ar\/wp-json\/wp\/v2\/posts\/691","targetHints":{"allow":["GET"]}}],"collection":[{"href":"https:\/\/cofarco.com.ar\/ar\/wp-json\/wp\/v2\/posts"}],"about":[{"href":"https:\/\/cofarco.com.ar\/ar\/wp-json\/wp\/v2\/types\/post"}],"author":[{"embeddable":true,"href":"https:\/\/cofarco.com.ar\/ar\/wp-json\/wp\/v2\/users\/1"}],"replies":[{"embeddable":true,"href":"https:\/\/cofarco.com.ar\/ar\/wp-json\/wp\/v2\/comments?post=691"}],"version-history":[{"count":0,"href":"https:\/\/cofarco.com.ar\/ar\/wp-json\/wp\/v2\/posts\/691\/revisions"}],"wp:attachment":[{"href":"https:\/\/cofarco.com.ar\/ar\/wp-json\/wp\/v2\/media?parent=691"}],"wp:term":[{"taxonomy":"category","embeddable":true,"href":"https:\/\/cofarco.com.ar\/ar\/wp-json\/wp\/v2\/categories?post=691"},{"taxonomy":"post_tag","embeddable":true,"href":"https:\/\/cofarco.com.ar\/ar\/wp-json\/wp\/v2\/tags?post=691"}],"curies":[{"name":"wp","href":"https:\/\/api.w.org\/{rel}","templated":true}]}}