{"id":7089,"date":"2021-09-27T08:19:28","date_gmt":"2021-09-27T11:19:28","guid":{"rendered":"http:\/\/cofarco.com.ar\/ar\/?p=7089"},"modified":"2021-09-27T08:19:28","modified_gmt":"2021-09-27T11:19:28","slug":"cursos-on-line-colegio-de-farmaceuticos-de-la-provincia-de-cordoba","status":"publish","type":"post","link":"https:\/\/cofarco.com.ar\/ar\/2021\/09\/27\/cursos-on-line-colegio-de-farmaceuticos-de-la-provincia-de-cordoba\/","title":{"rendered":"CURSOS on line: Colegio de Farmac\u00e9uticos de la Provincia de C\u00f3rdoba"},"content":{"rendered":"<p>El Colegio de Farmac\u00e9uticos de C\u00f3rdoba presenta su propuesta de capacitaci\u00f3n on-line que iniciar\u00e1 el 15 de Octubre del corriente para los profesionales asociados\/as a COFARCO.<br \/>\n\u00c9sto se detallan a continuaci\u00f3n:<\/p>\n<p><strong>_ANIMALES PONZO\u00d1OSOS DE IMPORTANCIA SANITARIA:<\/strong><br \/>\nDirector del curso y docente: Dra. Nilda Gait<br \/>\nDocentes invitados:<br \/>\nDr. Prof. Gerardo Cristhian Leynaud<br \/>\nMed. Vet. Mario Rub\u00e9n Peralta<br \/>\nMed. Vet. Iris Nilda Peralta<\/p>\n<p><em><strong>_FUNDAMENTOS DE BIOTECNOLOG\u00cdA FARMAC\u00c9UTICA:<\/strong><\/em><br \/>\nDirector del curso y contenidista: Farm. Pablo Javier Espejo.<br \/>\nLos profesionales farmac\u00e9uticos\/as asociados\/as al Colegio de<br \/>\nFarmac\u00e9uticos de Corrientes (COFARCO) tendr\u00e1n un descuento del 20% en<br \/>\nla inscripci\u00f3n. Para ello deben enviar un mail a:<br \/>\ncolfarmaceuticosctes@cofarco.com.ar indicando que curso desean<br \/>\nrealizar e informando todos sus datos (Apellido y nombres, DNI,<br \/>\nmatr\u00edcula, mail y n\u00famero de celular).<\/p>\n<p>Sin otro particular, saludamos a ustedes atentamente.<br \/>\nColegio de Farmac\u00e9uticos de la Provincia de Corrientes.<\/p>\n<p><img fetchpriority=\"high\" decoding=\"async\" class=\"alignnone size-medium wp-image-7091\" src=\"https:\/\/cofarco.com.ar\/ar\/wp-content\/uploads\/2021\/09\/portada_curso_alacranes_21-764x400.png\" alt=\"\" width=\"764\" height=\"400\" \/> <img decoding=\"async\" class=\"alignnone size-medium wp-image-7092\" src=\"https:\/\/cofarco.com.ar\/ar\/wp-content\/uploads\/2021\/09\/portada_curso_biotecnologia_21-764x400.png\" alt=\"\" width=\"764\" height=\"400\" \/> \n<div class=\"gde-error\">GDE Error: Error al recuperar el fichero. Si es necesario, desactiva la comprobaci\u00f3n de errores (404:Not Found)<\/div>\n\n","protected":false},"excerpt":{"rendered":"<p>El Colegio de Farmac\u00e9uticos de C\u00f3rdoba presenta su propuesta de capacitaci\u00f3n on-line que iniciar\u00e1 el 15 de Octubre del corriente para los profesionales asociados\/as a COFARCO. \u00c9sto se detallan a continuaci\u00f3n: _ANIMALES PONZO\u00d1OSOS DE IMPORTANCIA SANITARIA: Director del curso y docente: Dra. Nilda Gait Docentes invitados: Dr. Prof. Gerardo Cristhian Leynaud Med. Vet. Mario Rub\u00e9n [&#8230;]\n","protected":false},"author":2,"featured_media":0,"comment_status":"open","ping_status":"open","sticky":false,"template":"","format":"standard","meta":{"footnotes":""},"categories":[68],"tags":[],"class_list":["post-7089","post","type-post","status-publish","format-standard","hentry","category-cursos"],"_links":{"self":[{"href":"https:\/\/cofarco.com.ar\/ar\/wp-json\/wp\/v2\/posts\/7089","targetHints":{"allow":["GET"]}}],"collection":[{"href":"https:\/\/cofarco.com.ar\/ar\/wp-json\/wp\/v2\/posts"}],"about":[{"href":"https:\/\/cofarco.com.ar\/ar\/wp-json\/wp\/v2\/types\/post"}],"author":[{"embeddable":true,"href":"https:\/\/cofarco.com.ar\/ar\/wp-json\/wp\/v2\/users\/2"}],"replies":[{"embeddable":true,"href":"https:\/\/cofarco.com.ar\/ar\/wp-json\/wp\/v2\/comments?post=7089"}],"version-history":[{"count":1,"href":"https:\/\/cofarco.com.ar\/ar\/wp-json\/wp\/v2\/posts\/7089\/revisions"}],"predecessor-version":[{"id":7094,"href":"https:\/\/cofarco.com.ar\/ar\/wp-json\/wp\/v2\/posts\/7089\/revisions\/7094"}],"wp:attachment":[{"href":"https:\/\/cofarco.com.ar\/ar\/wp-json\/wp\/v2\/media?parent=7089"}],"wp:term":[{"taxonomy":"category","embeddable":true,"href":"https:\/\/cofarco.com.ar\/ar\/wp-json\/wp\/v2\/categories?post=7089"},{"taxonomy":"post_tag","embeddable":true,"href":"https:\/\/cofarco.com.ar\/ar\/wp-json\/wp\/v2\/tags?post=7089"}],"curies":[{"name":"wp","href":"https:\/\/api.w.org\/{rel}","templated":true}]}}