{"id":730,"date":"2016-03-10T17:30:07","date_gmt":"2016-03-10T20:30:07","guid":{"rendered":"http:\/\/www.cofarco.com.ar\/web\/?p=730"},"modified":"2018-09-17T03:15:31","modified_gmt":"2018-09-17T03:15:31","slug":"conferencia-sobre-leishmaniasis-y-dengue-en-el-colegio-de-farmaceutico","status":"publish","type":"post","link":"https:\/\/cofarco.com.ar\/ar\/2016\/03\/10\/conferencia-sobre-leishmaniasis-y-dengue-en-el-colegio-de-farmaceutico\/","title":{"rendered":"Conferencia sobre Leishmaniasis y Dengue"},"content":{"rendered":"<p class=\"ecxMsoNormal\"><span lang=\"ES\">Estimados colegas, la informaci\u00f3n y el compromiso de todos son fundamentales en la lucha contra las enfermedades vectoriales que afectan a la poblaci\u00f3n, es por ello que el Colegio de Farmac\u00e9uticos organiza una conferencia sobre Leishmaniasis y Dengue, que estar\u00e1 a cargo del M\u00e1ster en Parasitolog\u00eda y director del Centro Nacional de Parasitolog\u00eda y Enfermedades Tropicales de la UNNE (CENPETROP), doctor Carlos Edgardo Borda. Se realizar\u00e1 en la sede de la instituci\u00f3n, el s\u00e1bado 19 de marzo a partir de las 16 horas.<\/span><\/p>\n<p class=\"ecxMsoNormal\"><span lang=\"ES\">Ser\u00e1 una ocasi\u00f3n para adquirir conocimientos sobre las patolog\u00edas emergentes, las medidas de prevenci\u00f3n y su promoci\u00f3n. Por eso, los invitamos a participar y a que hagan extensiva la invitaci\u00f3n a los pacientes que asisten a sus farmacias. Compartiremos un caf\u00e9 y chipacitos durante el encuentro. Y al finalizar, se entregar\u00e1n certificados a los asistentes.<\/span><\/p>\n<p class=\"ecxMsoNormal\"><span lang=\"ES\">El Colegio de Farmac\u00e9uticos de la Provincia de Corrientes quiere aportar a la lucha contra la expansi\u00f3n de estas enfermedades y brindar el servicio necesario a fin de que la poblaci\u00f3n pueda enfrentar el problema desde la prevenci\u00f3n, la base de la Salud P\u00fablica.<\/span><\/p>\n<p class=\"ecxMsoNormal\"><span lang=\"ES\">\u00a1Los esperamos!<\/span><\/p>\n","protected":false},"excerpt":{"rendered":"<p>Estimados colegas, la informaci\u00f3n y el compromiso de todos son fundamentales en la lucha contra las enfermedades vectoriales que afectan a la poblaci\u00f3n, es por ello que el Colegio de Farmac\u00e9uticos organiza una conferencia sobre Leishmaniasis y Dengue, que estar\u00e1 a cargo del M\u00e1ster en Parasitolog\u00eda y director del Centro Nacional de Parasitolog\u00eda y Enfermedades [&#8230;]\n","protected":false},"author":2,"featured_media":731,"comment_status":"open","ping_status":"open","sticky":false,"template":"","format":"standard","meta":{"footnotes":""},"categories":[68],"tags":[],"class_list":["post-730","post","type-post","status-publish","format-standard","has-post-thumbnail","hentry","category-cursos"],"_links":{"self":[{"href":"https:\/\/cofarco.com.ar\/ar\/wp-json\/wp\/v2\/posts\/730","targetHints":{"allow":["GET"]}}],"collection":[{"href":"https:\/\/cofarco.com.ar\/ar\/wp-json\/wp\/v2\/posts"}],"about":[{"href":"https:\/\/cofarco.com.ar\/ar\/wp-json\/wp\/v2\/types\/post"}],"author":[{"embeddable":true,"href":"https:\/\/cofarco.com.ar\/ar\/wp-json\/wp\/v2\/users\/2"}],"replies":[{"embeddable":true,"href":"https:\/\/cofarco.com.ar\/ar\/wp-json\/wp\/v2\/comments?post=730"}],"version-history":[{"count":1,"href":"https:\/\/cofarco.com.ar\/ar\/wp-json\/wp\/v2\/posts\/730\/revisions"}],"predecessor-version":[{"id":1987,"href":"https:\/\/cofarco.com.ar\/ar\/wp-json\/wp\/v2\/posts\/730\/revisions\/1987"}],"wp:featuredmedia":[{"embeddable":true,"href":"https:\/\/cofarco.com.ar\/ar\/wp-json\/wp\/v2\/media\/731"}],"wp:attachment":[{"href":"https:\/\/cofarco.com.ar\/ar\/wp-json\/wp\/v2\/media?parent=730"}],"wp:term":[{"taxonomy":"category","embeddable":true,"href":"https:\/\/cofarco.com.ar\/ar\/wp-json\/wp\/v2\/categories?post=730"},{"taxonomy":"post_tag","embeddable":true,"href":"https:\/\/cofarco.com.ar\/ar\/wp-json\/wp\/v2\/tags?post=730"}],"curies":[{"name":"wp","href":"https:\/\/api.w.org\/{rel}","templated":true}]}}