{"id":7412,"date":"2021-11-08T16:05:06","date_gmt":"2021-11-08T19:05:06","guid":{"rendered":"http:\/\/cofarco.com.ar\/ar\/?p=7412"},"modified":"2021-11-08T16:05:06","modified_gmt":"2021-11-08T19:05:06","slug":"importante-comunicado-cofa-por-acuerdo-en-el-precio-de-los-medicamentos","status":"publish","type":"post","link":"https:\/\/cofarco.com.ar\/ar\/2021\/11\/08\/importante-comunicado-cofa-por-acuerdo-en-el-precio-de-los-medicamentos\/","title":{"rendered":"IMPORTANTE: Comunicado COFA por acuerdo en el precio de los medicamentos"},"content":{"rendered":"<p>La COFA particip\u00f3 de una reuni\u00f3n con el gobierno, la industria y otras organizaciones farmac\u00e9uticas para llevar la voz y la problem\u00e1tica de las farmacias.<\/p>\n<p>El 4 de noviembre se realiz\u00f3 una reuni\u00f3n en el Ministerio de Salud de la Naci\u00f3n para buscar un acuerdo en el precio de los medicamentos de la que particip\u00f3 la COFA representada por su presidenta, Isabel Reinoso, y el pro-tesorero, Ricardo Pesenti; la Ministra de Salud de la Naci\u00f3n, Carla Vizzotti; el secretario de Comercio Interior, Roberto Feletti, funcionarios de la cartera de Salud; las c\u00e1maras de la industria y otras organizaciones farmac\u00e9uticas.<br \/>\nLa Farm. Reinoso llev\u00f3 la voz y la problem\u00e1tica de las farmacias, planteando la distorsi\u00f3n y el esfuerzo que demanda la atenci\u00f3n del convenio de PAMI por parte de las farmacias.<\/p>\n<p>Tambi\u00e9n se plante\u00f3 el tema espec\u00edfico de que no todas las farmacias pueden tener todas las obras sociales por las condiciones que impone el financiamiento.<br \/>\nLas autoridades de la Confederaci\u00f3n acompa\u00f1aron la decisi\u00f3n que se tom\u00f3 durante la reuni\u00f3n de la implementaci\u00f3n de la Ley de Prescripci\u00f3n por Nombre Gen\u00e9rico \u2013Ley 25.649- y las pol\u00edticas integrales para favorecer el acceso a los medicamentos.<br \/>\nAunque la negociaci\u00f3n entre el gobierno y los diversos actores del sector farmac\u00e9utico fue por el precio, los representantes de la COFA entienden que en el acceso al medicamento hay otras aristas a discutir.<br \/>\nEl gobierno pidi\u00f3 a los laboratorios la lista de precios al 1\u00b0 de noviembre y estabilidad por 60 d\u00edas.<br \/>\nEl Secretario de Comercio pidi\u00f3 que se retrajeran los precios al 1 de octubre, a lo cual los representantes de las farmacias plantearon que ya todas la operaciones realizadas con la Seguridad Social estaban validadas y presentadas al cobro. Esto implicar\u00eda un gran perjuicio para las oficinas farmac\u00e9uticas, que en esta disputa representan el eslab\u00f3n siempre perjudicado.<br \/>\nPara la poblaci\u00f3n con cobertura de Seguridad Social se inform\u00f3 la decisi\u00f3n del Ministerio de Salud de avanzar en la reimplantaci\u00f3n de precios de referencia para un conjunto de principios activos de uso ambulatorio.<br \/>\nAsimismo, se acord\u00f3 retomar la carga de precios por parte de los laboratorios en el Vadem\u00e9cum Nacional de Medicamentos que publica la Administraci\u00f3n Nacional de Medicamentos, Alimentos y Tecnolog\u00eda M\u00e9dica (ANMAT), de acuerdo a lo establecido por la Resoluci\u00f3n 215\/2014 de la Secretar\u00eda de Comercio Interior.<br \/>\nLos representantes de las c\u00e1maras de laboratorios se comprometieron a responder a las autoridades nacionales antes del lunes 8 de noviembre.<br \/>\nEn la reuni\u00f3n estuvieron presentes, adem\u00e1s de la ministra de Salud de la Naci\u00f3n, Carla Vizzotti y Roberto Felletti, la jefa de Gabinete del Ministerio de Salud, Sonia Tarragona; la subsecretaria de Medicamentos e Informaci\u00f3n Estrat\u00e9gica, Natalia Grinblat; la subsecretaria de Acciones para la Defensa de las y los Consumidores, D\u00e9bora Giorgi; y el subsecretario de Pol\u00edticas para el Mercado Interno, Antonio Mezmezian. Tambi\u00e9n se<br \/>\nhicieron presentes Manuel Limeres, titular de la ANMAT y el Superintendente de Servicios de Salud, Daniel L\u00f3pez.<br \/>\nDel sector farmac\u00e9utico, adem\u00e1s de los representantes de la COFA, participaron Nicol\u00e1s Vaquer y Carlos Escobar de la C\u00e1mara Argentina de Especialidades Medicinales (CAEME); Laura Fabra y Alejandrina Arauz de la C\u00e1mara Argentina de Productores de Medicamentos Gen\u00e9ricos y de uso Hospitalario (CAPGEN); Eduardo Macchiavello y Eduardo Franciosi de la C\u00e1mara Industrial de Laboratorios Farmac\u00e9uticos Argentinos<br \/>\n(CILFA); Juan Jos\u00e9 Marconi de la C\u00e1mara Empresaria de Laboratorios Farmac\u00e9uticos (COOPERALA) y Miguel Osio de la Federaci\u00f3n Farmac\u00e9utica (FEFARA).<\/p>\n<p>&nbsp;<\/p>\n<p>COMUNICADO DE COFA<\/p>\n\n<div class=\"gde-error\">GDE Error: Error al recuperar el fichero. Si es necesario, desactiva la comprobaci\u00f3n de errores (404:Not Found)<\/div>\n\n","protected":false},"excerpt":{"rendered":"<p>La COFA particip\u00f3 de una reuni\u00f3n con el gobierno, la industria y otras organizaciones farmac\u00e9uticas para llevar la voz y la problem\u00e1tica de las farmacias. El 4 de noviembre se realiz\u00f3 una reuni\u00f3n en el Ministerio de Salud de la Naci\u00f3n para buscar un acuerdo en el precio de los medicamentos de la que particip\u00f3 [&#8230;]\n","protected":false},"author":2,"featured_media":0,"comment_status":"open","ping_status":"open","sticky":false,"template":"","format":"standard","meta":{"footnotes":""},"categories":[71],"tags":[],"class_list":["post-7412","post","type-post","status-publish","format-standard","hentry","category-noticias"],"_links":{"self":[{"href":"https:\/\/cofarco.com.ar\/ar\/wp-json\/wp\/v2\/posts\/7412","targetHints":{"allow":["GET"]}}],"collection":[{"href":"https:\/\/cofarco.com.ar\/ar\/wp-json\/wp\/v2\/posts"}],"about":[{"href":"https:\/\/cofarco.com.ar\/ar\/wp-json\/wp\/v2\/types\/post"}],"author":[{"embeddable":true,"href":"https:\/\/cofarco.com.ar\/ar\/wp-json\/wp\/v2\/users\/2"}],"replies":[{"embeddable":true,"href":"https:\/\/cofarco.com.ar\/ar\/wp-json\/wp\/v2\/comments?post=7412"}],"version-history":[{"count":1,"href":"https:\/\/cofarco.com.ar\/ar\/wp-json\/wp\/v2\/posts\/7412\/revisions"}],"predecessor-version":[{"id":7415,"href":"https:\/\/cofarco.com.ar\/ar\/wp-json\/wp\/v2\/posts\/7412\/revisions\/7415"}],"wp:attachment":[{"href":"https:\/\/cofarco.com.ar\/ar\/wp-json\/wp\/v2\/media?parent=7412"}],"wp:term":[{"taxonomy":"category","embeddable":true,"href":"https:\/\/cofarco.com.ar\/ar\/wp-json\/wp\/v2\/categories?post=7412"},{"taxonomy":"post_tag","embeddable":true,"href":"https:\/\/cofarco.com.ar\/ar\/wp-json\/wp\/v2\/tags?post=7412"}],"curies":[{"name":"wp","href":"https:\/\/api.w.org\/{rel}","templated":true}]}}