{"id":7429,"date":"2021-11-09T14:01:22","date_gmt":"2021-11-09T17:01:22","guid":{"rendered":"http:\/\/cofarco.com.ar\/ar\/?p=7429"},"modified":"2021-11-09T14:01:22","modified_gmt":"2021-11-09T17:01:22","slug":"convocatoria-asamblea-general-ordinaria","status":"publish","type":"post","link":"https:\/\/cofarco.com.ar\/ar\/2021\/11\/09\/convocatoria-asamblea-general-ordinaria\/","title":{"rendered":"Convocatoria \u2013 Asamblea General Ordinaria"},"content":{"rendered":"<p>De acuerdo a lo resuelto en reuni\u00f3n del d\u00eda <strong>20 de Octubre de 2.021<\/strong>, el Directorio del Colegio de Farmac\u00e9uticos de la Provincia de Corrientes, convoca a los se\u00f1ores asociados a la<strong> ASAMBLEA GENERAL ORDINARIA<\/strong>, que se celebrar\u00e1 en la sede de la instituci\u00f3n, sito en calle Santa Fe N\u00ba 1.186 de esta ciudad, el d\u00eda Viernes 03 de Diciembre de 2.021, a las 20:00 horas en primera citaci\u00f3n y en caso de no haber qu\u00f3rum en la primera citaci\u00f3n, se dar\u00e1 inicio una hora despu\u00e9s, es decir a las 21:00 horas en segunda convocatoria con los asociados presentes, cualquiera sea su n\u00famero (art. 25), con el objeto de tratar el siguiente:<br aria-hidden=\"true\" \/><br aria-hidden=\"true\" \/><strong>ORDEN DEL DIA<\/strong><br aria-hidden=\"true\" \/><br aria-hidden=\"true\" \/>1-\u00a0\u00a0\u00a0\u00a0\u00a0 Designaci\u00f3n de dos (2) socios para firmar el Acta en representaci\u00f3n de la Asamblea, conjuntamente con la Presidente y Secretaria.-<br aria-hidden=\"true\" \/><br aria-hidden=\"true\" \/>2-\u00a0\u00a0\u00a0\u00a0\u00a0 Consideraci\u00f3n, aprobaci\u00f3n o modificaci\u00f3n de la memoria, balance general del ejercicio vencido, inventario, cuentas de gastos y recursos e informe del \u00d3rgano de Fiscalizaci\u00f3n. Dicha documentaci\u00f3n se hallar\u00e1 a disposici\u00f3n y consideraci\u00f3n de los asociados con diez (10) d\u00edas de antelaci\u00f3n a la fecha fijada para la celebraci\u00f3n de la Asamblea para ser retirado en la sede de la Instituci\u00f3n.<br aria-hidden=\"true\" \/><br aria-hidden=\"true\" \/>3-\u00a0\u00a0\u00a0\u00a0\u00a0 Convocatoria a elecciones de renovaci\u00f3n parcial de autoridades para ocupar los cargos siguientes: Tesorero, Vocal Titular 2\u00ba, Vocal Suplente 1\u00ba y Vocal Suplente 3\u00ba y un miembro del \u00d3rgano de Fiscalizaci\u00f3n por finalizaci\u00f3n de mandatos y por el t\u00e9rmino de dos (2) a\u00f1os.<br aria-hidden=\"true\" \/><br aria-hidden=\"true\" \/><br aria-hidden=\"true\" \/>\u00a0\u00a0\u00a0\u00a0\u00a0\u00a0\u00a0\u00a0\u00a0\u00a0\u00a0\u00a0\u00a0\u00a0\u00a0\u00a0\u00a0 Farm. Diana Sonia GRILLI\u00a0\u00a0\u00a0\u00a0\u00a0\u00a0\u00a0\u00a0\u00a0\u00a0\u00a0\u00a0\u00a0 Farm. Desir\u00e9e LANCELLE MONFERRER<br aria-hidden=\"true\" \/><strong>\u00a0\u00a0\u00a0\u00a0\u00a0\u00a0\u00a0\u00a0\u00a0\u00a0\u00a0\u00a0\u00a0\u00a0\u00a0\u00a0\u00a0\u00a0\u00a0\u00a0\u00a0\u00a0\u00a0\u00a0 Secretaria\u00a0\u00a0\u00a0\u00a0\u00a0\u00a0\u00a0\u00a0\u00a0\u00a0\u00a0\u00a0\u00a0\u00a0\u00a0\u00a0\u00a0\u00a0\u00a0\u00a0\u00a0\u00a0\u00a0\u00a0\u00a0\u00a0\u00a0\u00a0\u00a0\u00a0\u00a0\u00a0\u00a0 Presidente<\/strong><br aria-hidden=\"true\" \/><br aria-hidden=\"true\" \/><br aria-hidden=\"true\" \/><br aria-hidden=\"true\" \/><br aria-hidden=\"true\" \/><br aria-hidden=\"true\" \/>Santa F\u00e9 1.186-TE\u00a0<br aria-hidden=\"true\" \/>0379-4425707\/4426749-colfarmaceuticosctes@cofarco.com.ar 3400 CORRIENTES<\/p>\n\n<div class=\"gde-error\">GDE Error: Error al recuperar el fichero. Si es necesario, desactiva la comprobaci\u00f3n de errores (404:Not Found)<\/div>\n\n","protected":false},"excerpt":{"rendered":"<p>De acuerdo a lo resuelto en reuni\u00f3n del d\u00eda 20 de Octubre de 2.021, el Directorio del Colegio de Farmac\u00e9uticos de la Provincia de Corrientes, convoca a los se\u00f1ores asociados a la ASAMBLEA GENERAL ORDINARIA, que se celebrar\u00e1 en la sede de la instituci\u00f3n, sito en calle Santa Fe N\u00ba 1.186 de esta ciudad, el [&#8230;]\n","protected":false},"author":2,"featured_media":2023,"comment_status":"open","ping_status":"open","sticky":false,"template":"","format":"standard","meta":{"footnotes":""},"categories":[71],"tags":[],"class_list":["post-7429","post","type-post","status-publish","format-standard","has-post-thumbnail","hentry","category-noticias"],"_links":{"self":[{"href":"https:\/\/cofarco.com.ar\/ar\/wp-json\/wp\/v2\/posts\/7429","targetHints":{"allow":["GET"]}}],"collection":[{"href":"https:\/\/cofarco.com.ar\/ar\/wp-json\/wp\/v2\/posts"}],"about":[{"href":"https:\/\/cofarco.com.ar\/ar\/wp-json\/wp\/v2\/types\/post"}],"author":[{"embeddable":true,"href":"https:\/\/cofarco.com.ar\/ar\/wp-json\/wp\/v2\/users\/2"}],"replies":[{"embeddable":true,"href":"https:\/\/cofarco.com.ar\/ar\/wp-json\/wp\/v2\/comments?post=7429"}],"version-history":[{"count":1,"href":"https:\/\/cofarco.com.ar\/ar\/wp-json\/wp\/v2\/posts\/7429\/revisions"}],"predecessor-version":[{"id":7431,"href":"https:\/\/cofarco.com.ar\/ar\/wp-json\/wp\/v2\/posts\/7429\/revisions\/7431"}],"wp:featuredmedia":[{"embeddable":true,"href":"https:\/\/cofarco.com.ar\/ar\/wp-json\/wp\/v2\/media\/2023"}],"wp:attachment":[{"href":"https:\/\/cofarco.com.ar\/ar\/wp-json\/wp\/v2\/media?parent=7429"}],"wp:term":[{"taxonomy":"category","embeddable":true,"href":"https:\/\/cofarco.com.ar\/ar\/wp-json\/wp\/v2\/categories?post=7429"},{"taxonomy":"post_tag","embeddable":true,"href":"https:\/\/cofarco.com.ar\/ar\/wp-json\/wp\/v2\/tags?post=7429"}],"curies":[{"name":"wp","href":"https:\/\/api.w.org\/{rel}","templated":true}]}}