{"id":7580,"date":"2021-12-02T11:50:32","date_gmt":"2021-12-02T14:50:32","guid":{"rendered":"http:\/\/cofarco.com.ar\/ar\/?p=7580"},"modified":"2021-12-02T11:50:32","modified_gmt":"2021-12-02T14:50:32","slug":"pami-curso-de-formacion-en-derechos-humanos-de-las-personas-mayores-para-el-personal-de-salud","status":"publish","type":"post","link":"https:\/\/cofarco.com.ar\/ar\/2021\/12\/02\/pami-curso-de-formacion-en-derechos-humanos-de-las-personas-mayores-para-el-personal-de-salud\/","title":{"rendered":"PAMI &#8211; Curso de formaci\u00f3n en derechos humanos de las personas mayores para el personal de salud"},"content":{"rendered":"<p>El PAMI informa del inicio de la realizaci\u00f3n del \u201cCurso de formaci\u00f3n en derechos humanos de las personas mayores para el personal de salud\u201d.<br aria-hidden=\"true\" \/>En sus motivaciones expresa que el envejecimiento de la poblaci\u00f3n es uno de los mayores triunfos de la humanidad y tambi\u00e9n uno de los grandes desaf\u00edos, que necesita de pol\u00edticas y programas que mejoren la salud, la participaci\u00f3n y la seguridad de las personas mayores.<br aria-hidden=\"true\" \/>Teniendo en cuenta las recomendaciones de la Convenci\u00f3n Interamericana sobre la Protecci\u00f3n de los Derechos Humanos de las Personas Mayores, PAMI invita a todo el personal de salud a participar de este curso virtual de formaci\u00f3n en derechos humanos de las personas mayores para fortalecer el v\u00ednculo de respeto y buen trato hacia las afiliadas y los afiliados.<br aria-hidden=\"true\" \/><br aria-hidden=\"true\" \/><strong>Inicio<\/strong>: 14 de diciembre de 2021.<br aria-hidden=\"true\" \/><strong>Duraci\u00f3n<\/strong>: doce semanas (3 meses).<br aria-hidden=\"true\" \/><strong>Modalidad<\/strong>: virtual (asincr\u00f3nico). Cada semana se habilitar\u00e1 en la nueva plataforma Aprender.Pami un m\u00f3dulo tem\u00e1tico.<br aria-hidden=\"true\" \/><strong>Recursos<\/strong>: material de lectura, actividades y tutor\u00edas.<br aria-hidden=\"true\" \/><strong>Cupos<\/strong>: limitados<br aria-hidden=\"true\" \/><br aria-hidden=\"true\" \/><strong>Se entregar\u00e1 certificado oficial<\/strong> otorgado por PAMI y la Sociedad Argentina de Geriatr\u00eda y Gerontolog\u00eda.<br aria-hidden=\"true\" \/><br aria-hidden=\"true\" \/><br aria-hidden=\"true\" \/>*<strong>Para inscribirse <\/strong>deber\u00e1:<br aria-hidden=\"true\" \/><br aria-hidden=\"true\" \/>1. Ingresar a la plataforma virtual Aprender.PAMI: aprender.pami.org.ar\/<br aria-hidden=\"true\" \/>&lt;<a id=\"LPlnk730187\" href=\"https:\/\/lt.mydplr.com\/3b2c2e63e918bdd5f1e3a27bed192e4f-11a1ea449a43fa28bdcc9aa7f245cfbf\" target=\"_blank\" rel=\"noopener noreferrer\" data-auth=\"NotApplicable\" data-linkindex=\"0\">https:\/\/lt.mydplr.com\/3b2c2e63e918bdd5f1e3a27bed192e4f-11a1ea449a43fa28bdcc9aa7f245cfbf<\/a>&gt;<br aria-hidden=\"true\" \/><br aria-hidden=\"true\" \/>2. Completar el formulario para crear su cuenta.<br aria-hidden=\"true\" \/><br aria-hidden=\"true\" \/>3. Una vez creada la cuenta, recibir\u00e1 un mail de confirmaci\u00f3n.<br aria-hidden=\"true\" \/><br aria-hidden=\"true\" \/><br aria-hidden=\"true\" \/>Saludos COFA.-<\/p>\n","protected":false},"excerpt":{"rendered":"<p>El PAMI informa del inicio de la realizaci\u00f3n del \u201cCurso de formaci\u00f3n en derechos humanos de las personas mayores para el personal de salud\u201d.En sus motivaciones expresa que el envejecimiento de la poblaci\u00f3n es uno de los mayores triunfos de la humanidad y tambi\u00e9n uno de los grandes desaf\u00edos, que necesita de pol\u00edticas y programas [&#8230;]\n","protected":false},"author":2,"featured_media":0,"comment_status":"open","ping_status":"open","sticky":false,"template":"","format":"standard","meta":{"footnotes":""},"categories":[68],"tags":[],"class_list":["post-7580","post","type-post","status-publish","format-standard","hentry","category-cursos"],"_links":{"self":[{"href":"https:\/\/cofarco.com.ar\/ar\/wp-json\/wp\/v2\/posts\/7580","targetHints":{"allow":["GET"]}}],"collection":[{"href":"https:\/\/cofarco.com.ar\/ar\/wp-json\/wp\/v2\/posts"}],"about":[{"href":"https:\/\/cofarco.com.ar\/ar\/wp-json\/wp\/v2\/types\/post"}],"author":[{"embeddable":true,"href":"https:\/\/cofarco.com.ar\/ar\/wp-json\/wp\/v2\/users\/2"}],"replies":[{"embeddable":true,"href":"https:\/\/cofarco.com.ar\/ar\/wp-json\/wp\/v2\/comments?post=7580"}],"version-history":[{"count":1,"href":"https:\/\/cofarco.com.ar\/ar\/wp-json\/wp\/v2\/posts\/7580\/revisions"}],"predecessor-version":[{"id":7582,"href":"https:\/\/cofarco.com.ar\/ar\/wp-json\/wp\/v2\/posts\/7580\/revisions\/7582"}],"wp:attachment":[{"href":"https:\/\/cofarco.com.ar\/ar\/wp-json\/wp\/v2\/media?parent=7580"}],"wp:term":[{"taxonomy":"category","embeddable":true,"href":"https:\/\/cofarco.com.ar\/ar\/wp-json\/wp\/v2\/categories?post=7580"},{"taxonomy":"post_tag","embeddable":true,"href":"https:\/\/cofarco.com.ar\/ar\/wp-json\/wp\/v2\/tags?post=7580"}],"curies":[{"name":"wp","href":"https:\/\/api.w.org\/{rel}","templated":true}]}}