{"id":7624,"date":"2021-12-08T08:11:28","date_gmt":"2021-12-08T11:11:28","guid":{"rendered":"http:\/\/cofarco.com.ar\/ar\/?p=7624"},"modified":"2021-12-08T08:11:28","modified_gmt":"2021-12-08T11:11:28","slug":"asamblea-renovacion-parcial-de-autoridades-en-cofarco","status":"publish","type":"post","link":"https:\/\/cofarco.com.ar\/ar\/2021\/12\/08\/asamblea-renovacion-parcial-de-autoridades-en-cofarco\/","title":{"rendered":"Asamblea: Renovaci\u00f3n parcial de autoridades en COFARCO"},"content":{"rendered":"<p>El viernes 3 de diciembre el Colegio de Farmac\u00e9uticos de la Provincia de Corrientes realiz\u00f3 la Asamblea General Ordinaria con la participaci\u00f3n de un importante n\u00famero de profesionales farmac\u00e9uticos. Encabez\u00f3 la reuni\u00f3n la presidente de la entidad, Farm. Desire\u00e9 Lancelle Monferrer.<br \/>\nEn primer lugar, los asistentes designaron dos socios para la firma del Acta junto con la presidente y secretaria. Luego, se puso a consideraci\u00f3n el balance general de la instituci\u00f3n, inventario, cuentas de gastos y recursos e informe del \u00d3rgano de Fiscalizaci\u00f3n, todo lo cual fue aprobado por el voto un\u00e1nime de los presentes.<br \/>\nTras ello, se realiz\u00f3 la votaci\u00f3n para la renovaci\u00f3n parcial de las autoridades en los cargos de Tesorero, Vocal titular 2\u00b0, Vocal Suplente 1\u00b0 y Vocal Suplente 3\u00b0 y un miembro del \u00d3rgano de Fiscalizaci\u00f3n por finalizaci\u00f3n de mandatos y por el t\u00e9rmino de dos a\u00f1os.<br \/>\nFueron electos para dichos cargos los farmac\u00e9uticos Gustavo Ra\u00fal Parra (Tesorero), Claudio Norberto Parra (Vocal Titular 2\u00b0), Ang\u00e9lica Aurora Fava (Vocal Suplente 1\u00b0), Ernesto Rub\u00e9n Peris (Vocal Suplente 3\u00b0) y Augusto Fern\u00e1ndez C\u00e9spedes (\u00d3rgano de Fiscalizaci\u00f3n).<br \/>\nEl encuentro finaliz\u00f3 con una cena de fin de a\u00f1o en el renovado sal\u00f3n del Colegio.<img fetchpriority=\"high\" decoding=\"async\" class=\"alignnone size-medium wp-image-7626\" src=\"https:\/\/cofarco.com.ar\/ar\/wp-content\/uploads\/2021\/12\/cofarco-533x400.jpg\" alt=\"\" width=\"533\" height=\"400\" \/> <img decoding=\"async\" class=\"alignnone size-medium wp-image-7627\" src=\"https:\/\/cofarco.com.ar\/ar\/wp-content\/uploads\/2021\/12\/cofarco1-533x400.jpg\" alt=\"\" width=\"533\" height=\"400\" \/> <img decoding=\"async\" class=\"alignnone size-medium wp-image-7628\" src=\"https:\/\/cofarco.com.ar\/ar\/wp-content\/uploads\/2021\/12\/cofarco2-533x400.jpg\" alt=\"\" width=\"533\" height=\"400\" \/> <img loading=\"lazy\" decoding=\"async\" class=\"alignnone size-medium wp-image-7629\" src=\"https:\/\/cofarco.com.ar\/ar\/wp-content\/uploads\/2021\/12\/Cofarco4-400x400.jpg\" alt=\"\" width=\"400\" height=\"400\" \/><\/p>\n","protected":false},"excerpt":{"rendered":"<p>El viernes 3 de diciembre el Colegio de Farmac\u00e9uticos de la Provincia de Corrientes realiz\u00f3 la Asamblea General Ordinaria con la participaci\u00f3n de un importante n\u00famero de profesionales farmac\u00e9uticos. Encabez\u00f3 la reuni\u00f3n la presidente de la entidad, Farm. Desire\u00e9 Lancelle Monferrer. En primer lugar, los asistentes designaron dos socios para la firma del Acta junto [&#8230;]\n","protected":false},"author":2,"featured_media":0,"comment_status":"open","ping_status":"open","sticky":false,"template":"","format":"standard","meta":{"footnotes":""},"categories":[71],"tags":[],"class_list":["post-7624","post","type-post","status-publish","format-standard","hentry","category-noticias"],"_links":{"self":[{"href":"https:\/\/cofarco.com.ar\/ar\/wp-json\/wp\/v2\/posts\/7624","targetHints":{"allow":["GET"]}}],"collection":[{"href":"https:\/\/cofarco.com.ar\/ar\/wp-json\/wp\/v2\/posts"}],"about":[{"href":"https:\/\/cofarco.com.ar\/ar\/wp-json\/wp\/v2\/types\/post"}],"author":[{"embeddable":true,"href":"https:\/\/cofarco.com.ar\/ar\/wp-json\/wp\/v2\/users\/2"}],"replies":[{"embeddable":true,"href":"https:\/\/cofarco.com.ar\/ar\/wp-json\/wp\/v2\/comments?post=7624"}],"version-history":[{"count":1,"href":"https:\/\/cofarco.com.ar\/ar\/wp-json\/wp\/v2\/posts\/7624\/revisions"}],"predecessor-version":[{"id":7630,"href":"https:\/\/cofarco.com.ar\/ar\/wp-json\/wp\/v2\/posts\/7624\/revisions\/7630"}],"wp:attachment":[{"href":"https:\/\/cofarco.com.ar\/ar\/wp-json\/wp\/v2\/media?parent=7624"}],"wp:term":[{"taxonomy":"category","embeddable":true,"href":"https:\/\/cofarco.com.ar\/ar\/wp-json\/wp\/v2\/categories?post=7624"},{"taxonomy":"post_tag","embeddable":true,"href":"https:\/\/cofarco.com.ar\/ar\/wp-json\/wp\/v2\/tags?post=7624"}],"curies":[{"name":"wp","href":"https:\/\/api.w.org\/{rel}","templated":true}]}}