{"id":7825,"date":"2022-01-04T09:12:06","date_gmt":"2022-01-04T12:12:06","guid":{"rendered":"http:\/\/cofarco.com.ar\/ar\/?p=7825"},"modified":"2022-01-04T09:12:06","modified_gmt":"2022-01-04T12:12:06","slug":"importante-pami-se-postergan-las-fechas-limites-de-cierre-de-la-2o-de-diciembre-de-2-021","status":"publish","type":"post","link":"https:\/\/cofarco.com.ar\/ar\/2022\/01\/04\/importante-pami-se-postergan-las-fechas-limites-de-cierre-de-la-2o-de-diciembre-de-2-021\/","title":{"rendered":"IMPORTANTE PAMI &#8211; Se postergan las fechas l\u00edmites de cierre de la 2\u00ba de diciembre de 2.021"},"content":{"rendered":"<p>Comunicamos que, por inconvenientes t\u00e9cnicos registrados en FarmaPAMI durante el d\u00eda de ayer (03\/01\/2.022), que impidieron a muchas farmacias realizar los cierres previstos con normalidad, el PAMI ha informado la postergaci\u00f3n de las fechas de cierre de la presentaci\u00f3n de la <strong>2\u00ba quincena de diciembre 2021<\/strong>, por lo cual la fecha l\u00edmite (sin excepciones) para el cierre de presentaci\u00f3n de farmacias ser\u00e1 el <strong>d\u00eda 05 de enero de 2.022<\/strong>.<br aria-hidden=\"true\" \/><br aria-hidden=\"true\" \/>Solicitamos hacer conocer esta novedad a las farmacias prestadoras ante la eventualidad de que alguna de ellas NO haya logrado a realizar\u00a0<br aria-hidden=\"true\" \/>el cierre de la quincena. Las farmacias que s\u00ed pudieron realizar su cierre con normalidad, no deber\u00e1n efectuar ninguna acci\u00f3n adicional.<br aria-hidden=\"true\" \/>Asimismo, recordamos que, trat\u00e1ndose del cierre de la 2\u00ba de diciembre, solamente pueden incluirse recetas validadas hasta el 31 de diciembre.<br aria-hidden=\"true\" \/><br aria-hidden=\"true\" \/>Saludos COFA.-<br aria-hidden=\"true\" \/><br aria-hidden=\"true\" \/><\/p>\n","protected":false},"excerpt":{"rendered":"<p>Comunicamos que, por inconvenientes t\u00e9cnicos registrados en FarmaPAMI durante el d\u00eda de ayer (03\/01\/2.022), que impidieron a muchas farmacias realizar los cierres previstos con normalidad, el PAMI ha informado la postergaci\u00f3n de las fechas de cierre de la presentaci\u00f3n de la 2\u00ba quincena de diciembre 2021, por lo cual la fecha l\u00edmite (sin excepciones) para [&#8230;]\n","protected":false},"author":2,"featured_media":0,"comment_status":"open","ping_status":"open","sticky":false,"template":"","format":"standard","meta":{"footnotes":""},"categories":[71],"tags":[],"class_list":["post-7825","post","type-post","status-publish","format-standard","hentry","category-noticias"],"_links":{"self":[{"href":"https:\/\/cofarco.com.ar\/ar\/wp-json\/wp\/v2\/posts\/7825","targetHints":{"allow":["GET"]}}],"collection":[{"href":"https:\/\/cofarco.com.ar\/ar\/wp-json\/wp\/v2\/posts"}],"about":[{"href":"https:\/\/cofarco.com.ar\/ar\/wp-json\/wp\/v2\/types\/post"}],"author":[{"embeddable":true,"href":"https:\/\/cofarco.com.ar\/ar\/wp-json\/wp\/v2\/users\/2"}],"replies":[{"embeddable":true,"href":"https:\/\/cofarco.com.ar\/ar\/wp-json\/wp\/v2\/comments?post=7825"}],"version-history":[{"count":1,"href":"https:\/\/cofarco.com.ar\/ar\/wp-json\/wp\/v2\/posts\/7825\/revisions"}],"predecessor-version":[{"id":7826,"href":"https:\/\/cofarco.com.ar\/ar\/wp-json\/wp\/v2\/posts\/7825\/revisions\/7826"}],"wp:attachment":[{"href":"https:\/\/cofarco.com.ar\/ar\/wp-json\/wp\/v2\/media?parent=7825"}],"wp:term":[{"taxonomy":"category","embeddable":true,"href":"https:\/\/cofarco.com.ar\/ar\/wp-json\/wp\/v2\/categories?post=7825"},{"taxonomy":"post_tag","embeddable":true,"href":"https:\/\/cofarco.com.ar\/ar\/wp-json\/wp\/v2\/tags?post=7825"}],"curies":[{"name":"wp","href":"https:\/\/api.w.org\/{rel}","templated":true}]}}