{"id":802,"date":"2016-03-16T09:09:46","date_gmt":"2016-03-16T12:09:46","guid":{"rendered":"http:\/\/www.cofarco.com.ar\/web\/?p=802"},"modified":"2016-03-16T09:09:46","modified_gmt":"2016-03-16T12:09:46","slug":"30-de-marzo-proximo-llamado-a-rectificacion","status":"publish","type":"post","link":"https:\/\/cofarco.com.ar\/ar\/2016\/03\/16\/30-de-marzo-proximo-llamado-a-rectificacion\/","title":{"rendered":"30 de marzo: Pr\u00f3ximo llamado a certificaci\u00f3n"},"content":{"rendered":"<p>El pr\u00f3ximo llamado a certificaci\u00f3n ser\u00e1 el 30 de marzo\/16, por lo cual se recibir\u00e1n las carpetas hasta el d\u00eda 23 de marzo\/16,\u00a0 en el Colegio Farmac\u00e9uticos de la Provincia de Corrientes, sin excepci\u00f3n.<\/p>\n<p>Las carpetas deben cumplir con los siguientes requisitos: Solicitud de adhesi\u00f3n.<\/p>\n<ul>\n<li>Certificado de actuaci\u00f3n profesional y \u00e9tico actual, la cual debe ser solicitada al ministerio de salud p\u00fablica, llamar al TE: 4230563, para pedir requisitos, la nota para mayor rapidez debe contar con detalles como fecha de matriculaci\u00f3n, farmacias o instituciones que trabajaron hasta el momento.<\/li>\n<li>Fotocopia de constancia de matriculaci\u00f3n, si es por primera vez.<\/li>\n<li>Fotocopia del t\u00edtulo profesional, si es por primera vez.<\/li>\n<li>Formulario de antecedentes farmac\u00e9utico completo. (Se adjunta formulario)<\/li>\n<li>Fotocopias de los certificados, los cuales deben ser presentados con los originales para ser certificados por el colegio. Sino vienen con los originales deben estar autenticados por escribano.<\/li>\n<li>La solicitud de adhesi\u00f3n y el formulario de antecedentes deben estar guardados en un CD. (Se adjunta modelo de solicitud)<\/li>\n<li>El tr\u00e1mite para farmac\u00e9uticos asociados es gratis, para el resto tiene un costo adicional.<\/li>\n<li>Estos son los archivos que deben ser completados.<\/li>\n<\/ul>\n<p>Para cualquier consulta llamar a los tel\u00e9fonos:\u00a0\u00a0 3794-540264\u00a0 Farm. Sandra\u00a0 Flores \u00a0\u00a0\u00a0\u00a0\u00a0\u00a0\u00a0\u00a0\u00a0\u00a0\u00a0\u00a0\u00a0\u00a0\u00a0\u00a0\u00a0\u00a0\u00a0\u00a0\u00a0\u00a0\u00a0\u00a0\u00a0\u00a0\u00a0\u00a0\u00a0\u00a0\u00a0\u00a0\u00a0\u00a0\u00a0\u00a0\u00a0\u00a0\u00a0\u00a0\u00a0\u00a0\u00a0\u00a0\u00a0\u00a0\u00a0\u00a0\u00a0\u00a0\u00a0\u00a0\u00a0\u00a0\u00a0\u00a0\u00a0\u00a0\u00a0\u00a0\u00a0\u00a0\u00a0\u00a0\u00a0\u00a0\u00a0\u00a0\u00a0\u00a0\u00a0\u00a0\u00a0\u00a0\u00a0\u00a0\u00a0\u00a0\u00a0\u00a0\u00a0\u00a0\u00a0\u00a0\u00a0\u00a0\u00a0\u00a0\u00a0\u00a0\u00a0\u00a0\u00a0\u00a0\u00a0\u00a0\u00a0\u00a0\u00a0o 4450889 , por\u00a0 la ma\u00f1ana.<\/p>\n<p><a href=\"https:\/\/cofarco.com.ar\/ar\/wp-content\/uploads\/2016\/03\/CIRCULAR-N-\u00a6-73-41-NOTA-INVITACION-A-CERTIFICACION-web.docx\" rel=\"\">CIRCULAR N-\u00a6 73-41 NOTA INVITACION A CERTIFICACION web<\/a> <a href=\"https:\/\/cofarco.com.ar\/ar\/wp-content\/uploads\/2016\/03\/NOTA-ANEXO-1-CERTIFICACION-WEB.docx\" rel=\"\">NOTA ANEXO 1 CERTIFICACION WEB<\/a> <a href=\"https:\/\/cofarco.com.ar\/ar\/wp-content\/uploads\/2016\/03\/NOTA-CERTIFICACION-FORMULARIO-DE-ANTECEDENTES-web.docx\" rel=\"\">NOTA CERTIFICACION FORMULARIO DE ANTECEDENTES web<\/a><\/p>\n","protected":false},"excerpt":{"rendered":"<p>El pr\u00f3ximo llamado a certificaci\u00f3n ser\u00e1 el 30 de marzo\/16, por lo cual se recibir\u00e1n las carpetas hasta el d\u00eda 23 de marzo\/16,\u00a0 en el Colegio Farmac\u00e9uticos de la Provincia de Corrientes, sin excepci\u00f3n. Las carpetas deben cumplir con los siguientes requisitos: Solicitud de adhesi\u00f3n. Certificado de actuaci\u00f3n profesional y \u00e9tico actual, la cual debe [&#8230;]\n","protected":false},"author":2,"featured_media":806,"comment_status":"open","ping_status":"open","sticky":false,"template":"","format":"standard","meta":{"footnotes":""},"categories":[71],"tags":[],"class_list":["post-802","post","type-post","status-publish","format-standard","has-post-thumbnail","hentry","category-noticias"],"_links":{"self":[{"href":"https:\/\/cofarco.com.ar\/ar\/wp-json\/wp\/v2\/posts\/802","targetHints":{"allow":["GET"]}}],"collection":[{"href":"https:\/\/cofarco.com.ar\/ar\/wp-json\/wp\/v2\/posts"}],"about":[{"href":"https:\/\/cofarco.com.ar\/ar\/wp-json\/wp\/v2\/types\/post"}],"author":[{"embeddable":true,"href":"https:\/\/cofarco.com.ar\/ar\/wp-json\/wp\/v2\/users\/2"}],"replies":[{"embeddable":true,"href":"https:\/\/cofarco.com.ar\/ar\/wp-json\/wp\/v2\/comments?post=802"}],"version-history":[{"count":0,"href":"https:\/\/cofarco.com.ar\/ar\/wp-json\/wp\/v2\/posts\/802\/revisions"}],"wp:featuredmedia":[{"embeddable":true,"href":"https:\/\/cofarco.com.ar\/ar\/wp-json\/wp\/v2\/media\/806"}],"wp:attachment":[{"href":"https:\/\/cofarco.com.ar\/ar\/wp-json\/wp\/v2\/media?parent=802"}],"wp:term":[{"taxonomy":"category","embeddable":true,"href":"https:\/\/cofarco.com.ar\/ar\/wp-json\/wp\/v2\/categories?post=802"},{"taxonomy":"post_tag","embeddable":true,"href":"https:\/\/cofarco.com.ar\/ar\/wp-json\/wp\/v2\/tags?post=802"}],"curies":[{"name":"wp","href":"https:\/\/api.w.org\/{rel}","templated":true}]}}