{"id":8184,"date":"2022-02-16T08:44:18","date_gmt":"2022-02-16T11:44:18","guid":{"rendered":"http:\/\/cofarco.com.ar\/ar\/?p=8184"},"modified":"2022-02-16T08:44:18","modified_gmt":"2022-02-16T11:44:18","slug":"en-junio-corrientes-sera-sede-de-los-juegos-deportivos-farmaceuticos","status":"publish","type":"post","link":"https:\/\/cofarco.com.ar\/ar\/2022\/02\/16\/en-junio-corrientes-sera-sede-de-los-juegos-deportivos-farmaceuticos\/","title":{"rendered":"En Junio, Corrientes ser\u00e1 sede de los Juegos Deportivos Farmac\u00e9uticos"},"content":{"rendered":"<p>La ciudad de Corrientes ser\u00e1 sede de la 25\u00b0 edici\u00f3n de los Juegos Deportivos Farmac\u00e9uticos, un evento que convoca a los profesionales del sector de todo el pa\u00eds. El encuentro, que deb\u00eda realizarse el a\u00f1o pasado y debi\u00f3 ser suspendido por la situaci\u00f3n sanitaria, se realizar\u00e1 en la capital correntina entre el 17 y 19 de junio.<\/p>\n<p>Desiree Lancelle, presidente del Colegio de Farmac\u00e9uticos de la Provincia de Corrientes, adelant\u00f3 que este a\u00f1o los juegos tendr\u00e1n la impronta del chamam\u00e9 y el carnaval.\u00a0 \u201cSer\u00e1 una ocasi\u00f3n para encontrarnos en otro \u00e1mbito distinto al laboral, para compartir experiencias, competir en distintas disciplinas y categor\u00edas, y estrechar v\u00ednculos de compa\u00f1erismo y camarader\u00eda\u201d. \u201cY adem\u00e1s, tendremos la oportunidad de mostrar y compartir las riquezas tur\u00edsticas y culturales de nuestra tierra correntina\u201d, agreg\u00f3.<\/p>\n<p>Entre las disciplinas en las que se competir\u00e1 est\u00e1n la pesca, f\u00fatbol, v\u00f3ley, b\u00e1squet, circuito de ciclismo, nataci\u00f3n, tenis, atletismo, paddle, entre otros.<\/p>\n<p>Aprovechando las generosas playas correntinas, tambi\u00e9n se realizar\u00e1n caminatas por la costanera, beach v\u00f3ley y tejo.<\/p>\n<p>La entidad anfitriona trabaja hace meses en la organizaci\u00f3n del evento para recibir a los farmac\u00e9uticos que llegaran desde distintas provincias argentinas para compartir tres jornadas de mucho deporte y recreaci\u00f3n. \u00a1Est\u00e1n todos invitados!<\/p>\n","protected":false},"excerpt":{"rendered":"<p>La ciudad de Corrientes ser\u00e1 sede de la 25\u00b0 edici\u00f3n de los Juegos Deportivos Farmac\u00e9uticos, un evento que convoca a los profesionales del sector de todo el pa\u00eds. El encuentro, que deb\u00eda realizarse el a\u00f1o pasado y debi\u00f3 ser suspendido por la situaci\u00f3n sanitaria, se realizar\u00e1 en la capital correntina entre el 17 y 19 [&#8230;]\n","protected":false},"author":2,"featured_media":0,"comment_status":"open","ping_status":"open","sticky":false,"template":"","format":"standard","meta":{"footnotes":""},"categories":[71],"tags":[],"class_list":["post-8184","post","type-post","status-publish","format-standard","hentry","category-noticias"],"_links":{"self":[{"href":"https:\/\/cofarco.com.ar\/ar\/wp-json\/wp\/v2\/posts\/8184","targetHints":{"allow":["GET"]}}],"collection":[{"href":"https:\/\/cofarco.com.ar\/ar\/wp-json\/wp\/v2\/posts"}],"about":[{"href":"https:\/\/cofarco.com.ar\/ar\/wp-json\/wp\/v2\/types\/post"}],"author":[{"embeddable":true,"href":"https:\/\/cofarco.com.ar\/ar\/wp-json\/wp\/v2\/users\/2"}],"replies":[{"embeddable":true,"href":"https:\/\/cofarco.com.ar\/ar\/wp-json\/wp\/v2\/comments?post=8184"}],"version-history":[{"count":1,"href":"https:\/\/cofarco.com.ar\/ar\/wp-json\/wp\/v2\/posts\/8184\/revisions"}],"predecessor-version":[{"id":8186,"href":"https:\/\/cofarco.com.ar\/ar\/wp-json\/wp\/v2\/posts\/8184\/revisions\/8186"}],"wp:attachment":[{"href":"https:\/\/cofarco.com.ar\/ar\/wp-json\/wp\/v2\/media?parent=8184"}],"wp:term":[{"taxonomy":"category","embeddable":true,"href":"https:\/\/cofarco.com.ar\/ar\/wp-json\/wp\/v2\/categories?post=8184"},{"taxonomy":"post_tag","embeddable":true,"href":"https:\/\/cofarco.com.ar\/ar\/wp-json\/wp\/v2\/tags?post=8184"}],"curies":[{"name":"wp","href":"https:\/\/api.w.org\/{rel}","templated":true}]}}