{"id":824,"date":"2016-03-30T07:33:01","date_gmt":"2016-03-30T10:33:01","guid":{"rendered":"http:\/\/www.cofarco.com.ar\/?p=824"},"modified":"2016-03-30T07:33:01","modified_gmt":"2016-03-30T10:33:01","slug":"reunion-de-la-fepuc-en-el-colegio-de-escribanos","status":"publish","type":"post","link":"https:\/\/cofarco.com.ar\/ar\/2016\/03\/30\/reunion-de-la-fepuc-en-el-colegio-de-escribanos\/","title":{"rendered":"Reuni\u00f3n de la Fepuc en el Colegio de Escribanos"},"content":{"rendered":"<p>El pasado 22 de marzo se llev\u00f3 a cabo en la sede del Colegio de Escribanos la reuni\u00f3n mensual de la\u00a0 Federaci\u00f3n de Entidades Profesionales Universitarias de Corrientes. Participaron el presidente del organismo, el Ingeniero Agr\u00f3nomo Pedro Garc\u00eda, y la mayor\u00eda de los representantes y\/o presidentes de los colegios y consejos profesionales miembros as\u00ed como los integrantes de la Comisi\u00f3n honoraria.<\/p>\n<p>En la oportunidad agradecieron al colegio anfitri\u00f3n por la organizaci\u00f3n del encuentro y se informaron los temas relevantes analizados en la \u00faltima reuni\u00f3n de la Confederaci\u00f3n General de Profesionales, celebrada en Buenos Aires, y los temas que se abordar\u00e1n en la Reuni\u00f3n regional que se realizar\u00e1 en Formosa, en la primera quincena de marzo, con el objeto de cooperar a la conformaci\u00f3n de la federaci\u00f3n de profesionales de dicha provincia.<\/p>\n<p>Luego de ello se realiz\u00f3 un pormenorizado informe de la presidencia acerca de las tareas y actividades desarrolladas por la FEPUC en los \u00faltimos meses, y de los objetivos propuestos para el corriente a\u00f1o. Tambi\u00e9n cabe resaltar que se han sumado a esta federaci\u00f3n los profesionales de la carrera de Nutrici\u00f3n, quienes se informaron y participaron activamente en el desarrollo de la reuni\u00f3n.<\/p>\n<p>La entidad contin\u00faa sus actividades profundizando sus lazos con las instituciones intermedias y los estamentos de gobierno en diferentes \u00e1mbitos y poderes, destac\u00e1ndose en este sentido las reuniones y tratativas que se vienen realizando con la se\u00f1ora Rectora Delfina Veirav\u00e9 y otros funcionarios de la Universidad Nacional del Nordeste. La pr\u00f3xima reuni\u00f3n a celebrarse en el mes de abril tendr\u00e1 lugar en el Consejo Profesional de Ingenieros, Arquitectos y Agrimensores.<\/p>\n<p>&nbsp;<\/p>\n","protected":false},"excerpt":{"rendered":"<p>El pasado 22 de marzo se llev\u00f3 a cabo en la sede del Colegio de Escribanos la reuni\u00f3n mensual de la\u00a0 Federaci\u00f3n de Entidades Profesionales Universitarias de Corrientes. Participaron el presidente del organismo, el Ingeniero Agr\u00f3nomo Pedro Garc\u00eda, y la mayor\u00eda de los representantes y\/o presidentes de los colegios y consejos profesionales miembros as\u00ed como [&#8230;]\n","protected":false},"author":2,"featured_media":825,"comment_status":"open","ping_status":"open","sticky":false,"template":"","format":"standard","meta":{"footnotes":""},"categories":[71],"tags":[],"class_list":["post-824","post","type-post","status-publish","format-standard","has-post-thumbnail","hentry","category-noticias"],"_links":{"self":[{"href":"https:\/\/cofarco.com.ar\/ar\/wp-json\/wp\/v2\/posts\/824","targetHints":{"allow":["GET"]}}],"collection":[{"href":"https:\/\/cofarco.com.ar\/ar\/wp-json\/wp\/v2\/posts"}],"about":[{"href":"https:\/\/cofarco.com.ar\/ar\/wp-json\/wp\/v2\/types\/post"}],"author":[{"embeddable":true,"href":"https:\/\/cofarco.com.ar\/ar\/wp-json\/wp\/v2\/users\/2"}],"replies":[{"embeddable":true,"href":"https:\/\/cofarco.com.ar\/ar\/wp-json\/wp\/v2\/comments?post=824"}],"version-history":[{"count":0,"href":"https:\/\/cofarco.com.ar\/ar\/wp-json\/wp\/v2\/posts\/824\/revisions"}],"wp:featuredmedia":[{"embeddable":true,"href":"https:\/\/cofarco.com.ar\/ar\/wp-json\/wp\/v2\/media\/825"}],"wp:attachment":[{"href":"https:\/\/cofarco.com.ar\/ar\/wp-json\/wp\/v2\/media?parent=824"}],"wp:term":[{"taxonomy":"category","embeddable":true,"href":"https:\/\/cofarco.com.ar\/ar\/wp-json\/wp\/v2\/categories?post=824"},{"taxonomy":"post_tag","embeddable":true,"href":"https:\/\/cofarco.com.ar\/ar\/wp-json\/wp\/v2\/tags?post=824"}],"curies":[{"name":"wp","href":"https:\/\/api.w.org\/{rel}","templated":true}]}}