{"id":8261,"date":"2022-02-21T10:37:39","date_gmt":"2022-02-21T13:37:39","guid":{"rendered":"http:\/\/cofarco.com.ar\/ar\/?p=8261"},"modified":"2022-02-21T10:37:39","modified_gmt":"2022-02-21T13:37:39","slug":"cursos-online-2022-colegio-de-farmaceuticos-de-cordoba","status":"publish","type":"post","link":"https:\/\/cofarco.com.ar\/ar\/2022\/02\/21\/cursos-online-2022-colegio-de-farmaceuticos-de-cordoba\/","title":{"rendered":"CURSOS ONLINE 2022 &#8211; Colegio de Farmac\u00e9uticos de C\u00f3rdoba"},"content":{"rendered":"<p>El Colegio de Farmac\u00e9uticos de C\u00f3rdoba presenta su propuesta de formaci\u00f3n virtual (a trav\u00e9s del aula virtual del CFC) con fecha de inicio el 18 de marzo del corriente a\u00f1o. Por lo cual invitan a nuestros profesionales asociados que deseen participar en los siguientes cursos.<br aria-hidden=\"true\" \/><br aria-hidden=\"true\" \/><em>CURSOS ONLINE 2022:<\/em><br aria-hidden=\"true\" \/><br aria-hidden=\"true\" \/><strong>FUNDAMENTOS DE BIOTECNOLOG\u00cdA FARMAC\u00c9UTICA<\/strong><br aria-hidden=\"true\" \/><br aria-hidden=\"true\" \/>El prop\u00f3sito del presente curso es brindar al profesional farmac\u00e9utico, el conocimiento actualizado sobre los medicamentos\u00a0<br aria-hidden=\"true\" \/>actuales en el campo de la Biotecnolog\u00eda Farmac\u00e9utica, analizando adem\u00e1s sus inicios, los hitos que promovieron el avance de esta disciplina en el siglo XX y las tendencias actuales que posicionan a la biotecnolog\u00eda Farmac\u00e9utica como una de las \u00e1reas de mayor crecimiento, impacto y avance en las Ciencias de la Salud.<br aria-hidden=\"true\" \/><br aria-hidden=\"true\" \/>Director del curso y contenidista: Dr. Pablo Javier Espejo.Licenciado en Qu\u00edmica Farmac\u00e9utica. Facultad de Ciencias Qu\u00edmicas,\u00a0<br aria-hidden=\"true\" \/>Universidad Nacional de C\u00f3rdoba. Magister en Biotecnolog\u00eda. Escuela de Ciencias Biol\u00f3gicas, Universidad de Edimburgo. Doctor en Ciencias Qu\u00edmicas. Facultad de Ciencias Qu\u00edmicas, Universidad Nacional de C\u00f3rdoba. Profesional Adjunto CONICET, Centro de investigaci\u00f3n y desarrollo en inmunolog\u00eda y enfermedades infecciosas-CIDIE. CONICET-UCC.Profesor adjunto. Laboratorio de Bioqu\u00edmica y Biolog\u00eda Molecular. Facultad de Medicina. Universidad Cat\u00f3lica de C\u00f3rdoba.<br aria-hidden=\"true\" \/><br aria-hidden=\"true\" \/><strong>Contenido:<\/strong><br aria-hidden=\"true\" \/>Conceptos b\u00e1sicos en biolog\u00eda molecular e ingenier\u00eda gen\u00e9tica. Dogma central de la biolog\u00eda. Procesos de replicaci\u00f3n, transcripci\u00f3n y traducci\u00f3n. Enzimas de restricci\u00f3n. Vectores de expresi\u00f3n.\u00a0<br aria-hidden=\"true\" \/>Transformaci\u00f3n y selecci\u00f3n de c\u00e9lulas. T\u00e9cnicas de PCR. Introducci\u00f3n a la biotecnolog\u00eda farmac\u00e9utica y prote\u00ednas recombinantes de uso terap\u00e9utico. Definiciones y contextualizaci\u00f3n hist\u00f3rica de la Biotecnolog\u00eda Farmac\u00e9utica. Etapas de producci\u00f3n de biof\u00e1rmacos.\u00a0<br aria-hidden=\"true\" \/>Sistemas de expresi\u00f3n. Almacenamiento de l\u00edneas celulares. Procesos \u201cupstream\u201d y \u201cdownstream\u201d. Prote\u00ednas recombinantes de uso terap\u00e9utico. Anticuerpos monoclonales. Respuesta inmune adaptativa y anticuerpos. Descubrimiento y producci\u00f3n de anticuerpos monoclonales. Anticuerpos monoclonales quim\u00e9ricos, humanizados y humanos. Anticuerpos monoclonales de uso terap\u00e9utico. Tendencias en la producci\u00f3n de anticuerpos monoclonales. Vacunas. Sistema inmune innato y adaptativo.\u00a0<br aria-hidden=\"true\" \/>Origen de la vacunaci\u00f3n. Tipos de vacunas. Desarrollo de vacunas contra covid-19.<br aria-hidden=\"true\" \/><br aria-hidden=\"true\" \/><strong>Destinatarios<\/strong>: Farmac\u00e9uticos, otros profesionales de la salud interesados en la tem\u00e1tica, estudiantes avanzados de carreras afines<br aria-hidden=\"true\" \/><br aria-hidden=\"true\" \/>Inicio: 18 de Marzo de 2022<br aria-hidden=\"true\" \/>Duraci\u00f3n: 7 semanas<br aria-hidden=\"true\" \/>Inversi\u00f3n: $ 5600<br aria-hidden=\"true\" \/>Este curso otorga 5 cr\u00e9ditos para certificaci\u00f3n y recertificaci\u00f3n profesional.<br aria-hidden=\"true\" \/><br aria-hidden=\"true\" \/>Organiza: \u00c1rea de Capacitaci\u00f3n y Responsabilidad Social. Colegio de Farmac\u00e9uticos de la Provincia de C\u00f3rdoba.<br aria-hidden=\"true\" \/><br aria-hidden=\"true\" \/>Auspicia: Universidad Nacional de C\u00f3rdoba, Universidad Cat\u00f3lica de C\u00f3rdoba y\u00a0 Fundaci\u00f3n Farmac\u00e9utica para la Prevenci\u00f3n y Educaci\u00f3n en Salud Comunitaria (Fundaci\u00f3n PRESAC).<br aria-hidden=\"true\" \/><br aria-hidden=\"true\" \/><br aria-hidden=\"true\" \/><br aria-hidden=\"true\" \/><strong>ACTUALIZACI\u00d3N EN DEMENCIAS: ALZHEIMER<\/strong><br aria-hidden=\"true\" \/><br aria-hidden=\"true\" \/>Director del curso y Docente: Dr. Federico Buonanotte. Especialista en Neurolog\u00eda. Profesor de Neurolog\u00eda de la Facultad de\u00a0<br aria-hidden=\"true\" \/>Ciencias M\u00e9dicas, Universidad Nacional de C\u00f3rdoba. Jefe de Neurolog\u00eda Sanatorio Allende C\u00f3rdoba. Jefe de Neurolog\u00eda del Hospital Nacional de Cl\u00ednicas de C\u00f3rdoba. Ex Presidente de la Asociaci\u00f3n Latinoamericana de Cefaleas. Jefe del Departamento de Cefaleas del Hospital Cl\u00ednicas de C\u00f3rdoba.<br aria-hidden=\"true\" \/><br aria-hidden=\"true\" \/><strong>Contenidos:<\/strong><br aria-hidden=\"true\" \/>Demencias y deterioro cognitivo conductual. Conceptos. Epidemiolog\u00eda y clasificaci\u00f3n. Factores de riesgo. Dominios cognitivos. Generalidades. Evaluaci\u00f3n general de trastornos cognitivos. Demencia Tipo Alzheimer. Otras demencias degenerativas. Deterioro cognitivo vascular. S\u00edndromes demenciales reversibles. Estrategias farmacol\u00f3gicas. Desordenes conductuales en el paciente con demencia. Abordaje no farmacol\u00f3gico. Rehabilitaci\u00f3n cognitiva. Mitos y realidades. Cuidados paliativos en\u00a0<br aria-hidden=\"true\" \/>el paciente con enfermedad avanzada.<br aria-hidden=\"true\" \/><br aria-hidden=\"true\" \/>Inicio: 18 de Marzo de 2022<br aria-hidden=\"true\" \/>Duraci\u00f3n: 6 semanas<br aria-hidden=\"true\" \/>Inversi\u00f3n: $ 5600<br aria-hidden=\"true\" \/><br aria-hidden=\"true\" \/>Dirigido a farmac\u00e9uticos\u00a0 y estudiantes del \u00faltimo a\u00f1o de la carrera de farmacia (con condici\u00f3n acreditable).<br aria-hidden=\"true\" \/>Este curso otorga 5 cr\u00e9ditos para certificaci\u00f3n y recertificaci\u00f3n profesional.<br aria-hidden=\"true\" \/><br aria-hidden=\"true\" \/>Organiza: \u00c1rea de Capacitaci\u00f3n y Responsabilidad Social Colegio de Farmac\u00e9uticos de la Provincia de C\u00f3rdoba<br aria-hidden=\"true\" \/><br aria-hidden=\"true\" \/>Auspicia: Universidad Nacional de C\u00f3rdoba, Universidad Cat\u00f3lica de C\u00f3rdoba y\u00a0 Fundaci\u00f3n Farmac\u00e9utica para la Prevenci\u00f3n y Educaci\u00f3n en Salud Comunitaria (Fundaci\u00f3n PRESAC).<br aria-hidden=\"true\" \/><br aria-hidden=\"true\" \/><br aria-hidden=\"true\" \/><br aria-hidden=\"true\" \/><strong>FARMACOVIGILANCIA PARA PERSONAL DE SALUD: CLOZAPINA<\/strong><br aria-hidden=\"true\" \/><br aria-hidden=\"true\" \/>Director del curso y docente: Mtr. Elbio Am\u00e9rico Costa Bioqu\u00edmico (Universidad Nacional del Litoral); Farmac\u00e9utico (Universidad Nacional de Rosario); M\u00e1ster en e-learning (Universidad de Sevilla). Formaci\u00f3n de posgrado: Biofarmacia y Farmacocin\u00e9tica\u00a0<br aria-hidden=\"true\" \/>(Universidad de Chile); Atenci\u00f3n Farmac\u00e9utica (Universidad Complutense de Madrid); Gerenciamiento de Sistemas de Salud (Gobierno de Entre R\u00edos y Universidad Nacional de La Plata).<br aria-hidden=\"true\" \/><br aria-hidden=\"true\" \/><strong>Contenidos:<\/strong><br aria-hidden=\"true\" \/>El medicamento. Desarrollo de nuevos medicamentos. Estudios precl\u00ednicos. Ensayos cl\u00ednicos: Fases Patentes farmac\u00e9uticas y\u00a0<br aria-hidden=\"true\" \/>medicamentos gen\u00e9ricos. Medicamentos hemoderivados e inmunol\u00f3gicos. Medicamentos biotecnol\u00f3gicos.\u00a0 Administraci\u00f3n y uso de los productos farmac\u00e9uticos. La eficacia y efectividad de los tratamientos. Factores que condicionan la seguridad de los tratamientos.\u00a0 Falla terap\u00e9utica. Reacci\u00f3n adversa a medicamento (RAM): clasificaci\u00f3n y frecuencia.\u00a0<br aria-hidden=\"true\" \/>Farmacovigilancia. Programa de Monitoreo de la OMS. Sistema Nacional de Farmacovigilancia. Notificaci\u00f3n de eventos adversos por medicamentos. Valoraci\u00f3n de la causalidad: algoritmos. Notificaci\u00f3n de desv\u00edos de calidad de los medicamentos y de errores de medicaci\u00f3n. Medicamentos\u00a0 LASA. Notificaci\u00f3n, registro y evaluaci\u00f3n de los ESAVI. Programas especiales de Farmacovigilancia. Esquizofrenia, dispensaci\u00f3n y farmacovigilancia de clozapina.<br aria-hidden=\"true\" \/><br aria-hidden=\"true\" \/>Inicia: 18 de Marzo\u00a0 de 2022<br aria-hidden=\"true\" \/>Duraci\u00f3n: 10 semanas<br aria-hidden=\"true\" \/>Costo: $ 7900<br aria-hidden=\"true\" \/><br aria-hidden=\"true\" \/><em>Este curso otorga 5 cr\u00e9ditos para certificaci\u00f3n y recertificaci\u00f3n profesional.<\/em><br aria-hidden=\"true\" \/><br aria-hidden=\"true\" \/>Organiza: \u00c1rea de Capacitaci\u00f3n y Responsabilidad Social. Colegio de Farmac\u00e9uticos de la Provincia de C\u00f3rdoba.<br aria-hidden=\"true\" \/><br aria-hidden=\"true\" \/>Auspicia: Universidad Nacional de C\u00f3rdoba, Universidad Cat\u00f3lica de C\u00f3rdoba y\u00a0 Fundaci\u00f3n Farmac\u00e9utica para la Prevenci\u00f3n y Educaci\u00f3n en Salud Comunitaria (Fundaci\u00f3n PRESAC).<br aria-hidden=\"true\" \/><br aria-hidden=\"true\" \/><br aria-hidden=\"true\" \/><strong>IMPORTANTE:<\/strong> Los profesionales farmac\u00e9uticos\/as asociados\/as al Colegio de Farmac\u00e9uticos de Corrientes (COFARCO) cuentan con un 20% de descuento en la inscripci\u00f3n de cualquiera de estos cursos.<br aria-hidden=\"true\" \/>Los interesados\/as deber\u00e1n enviar hasta el 15 de Marzo de 2.022 como fecha l\u00edmite (SIN EXCEPCIONES), al mail\u00a0<br aria-hidden=\"true\" \/><strong>colfarmaceuticosctes@cofarco.com.ar<\/strong> sus datos completos (Nombre y Apellido, DNI, Matr\u00edcula y mail personal de contacto) e indicar el curso que solicitan se los inscriba.<br aria-hidden=\"true\" \/><br aria-hidden=\"true\" \/>Sin otro particular, saludamos a ustedes atte.-<br aria-hidden=\"true\" \/>Colegio de Farmac\u00e9uticos de Corrientes (COFARCO).<\/p>\n","protected":false},"excerpt":{"rendered":"<p>El Colegio de Farmac\u00e9uticos de C\u00f3rdoba presenta su propuesta de formaci\u00f3n virtual (a trav\u00e9s del aula virtual del CFC) con fecha de inicio el 18 de marzo del corriente a\u00f1o. Por lo cual invitan a nuestros profesionales asociados que deseen participar en los siguientes cursos.CURSOS ONLINE 2022:FUNDAMENTOS DE BIOTECNOLOG\u00cdA FARMAC\u00c9UTICAEl prop\u00f3sito del presente curso es [&#8230;]\n","protected":false},"author":2,"featured_media":0,"comment_status":"open","ping_status":"open","sticky":false,"template":"","format":"standard","meta":{"footnotes":""},"categories":[68],"tags":[],"class_list":["post-8261","post","type-post","status-publish","format-standard","hentry","category-cursos"],"_links":{"self":[{"href":"https:\/\/cofarco.com.ar\/ar\/wp-json\/wp\/v2\/posts\/8261","targetHints":{"allow":["GET"]}}],"collection":[{"href":"https:\/\/cofarco.com.ar\/ar\/wp-json\/wp\/v2\/posts"}],"about":[{"href":"https:\/\/cofarco.com.ar\/ar\/wp-json\/wp\/v2\/types\/post"}],"author":[{"embeddable":true,"href":"https:\/\/cofarco.com.ar\/ar\/wp-json\/wp\/v2\/users\/2"}],"replies":[{"embeddable":true,"href":"https:\/\/cofarco.com.ar\/ar\/wp-json\/wp\/v2\/comments?post=8261"}],"version-history":[{"count":1,"href":"https:\/\/cofarco.com.ar\/ar\/wp-json\/wp\/v2\/posts\/8261\/revisions"}],"predecessor-version":[{"id":8263,"href":"https:\/\/cofarco.com.ar\/ar\/wp-json\/wp\/v2\/posts\/8261\/revisions\/8263"}],"wp:attachment":[{"href":"https:\/\/cofarco.com.ar\/ar\/wp-json\/wp\/v2\/media?parent=8261"}],"wp:term":[{"taxonomy":"category","embeddable":true,"href":"https:\/\/cofarco.com.ar\/ar\/wp-json\/wp\/v2\/categories?post=8261"},{"taxonomy":"post_tag","embeddable":true,"href":"https:\/\/cofarco.com.ar\/ar\/wp-json\/wp\/v2\/tags?post=8261"}],"curies":[{"name":"wp","href":"https:\/\/api.w.org\/{rel}","templated":true}]}}