{"id":8314,"date":"2022-02-23T10:29:03","date_gmt":"2022-02-23T13:29:03","guid":{"rendered":"http:\/\/cofarco.com.ar\/ar\/?p=8314"},"modified":"2022-02-23T10:29:03","modified_gmt":"2022-02-23T13:29:03","slug":"pami-panales-acuerdo-de-extension-de-la-prestacion-hasta-el-11-08-2-022","status":"publish","type":"post","link":"https:\/\/cofarco.com.ar\/ar\/2022\/02\/23\/pami-panales-acuerdo-de-extension-de-la-prestacion-hasta-el-11-08-2-022\/","title":{"rendered":"PAMI PA\u00d1ALES &#8211; Acuerdo de extensi\u00f3n de la prestaci\u00f3n hasta el 11\/08\/2.022"},"content":{"rendered":"<p>Buenos d\u00edas, nos dirigimos a Uds. en relaci\u00f3n a la gesti\u00f3n para la continuidad del segmento de prestaci\u00f3n P\u00c2MI PA\u00d1ALES, pudiendo anunciar que se ha alcanzado un acuerdo con el Instituto para la extensi\u00f3n del acuerdo por seis (6) meses,<br aria-hidden=\"true\" \/>hasta el 11 de agosto del 2.022.<br aria-hidden=\"true\" \/><br aria-hidden=\"true\" \/>Este acuerdo, fruto de intensas negociaciones ante la posibilidad cierta de que el segmento Pa\u00f1ales de PAMI finalizara en su actual formato, logra, por un lado, el reconocimiento de parte de PAMI de una actualizaci\u00f3n bimestral del precio por los seis meses de la extensi\u00f3n, y una reducci\u00f3n en los plazos de pago a 45 d\u00edas desde la fecha de facturaci\u00f3n de parte de las entidades, en lugar de los 60 d\u00edas de plazo actuales; y por otro lado, abre un espacio de negociaci\u00f3n en la b\u00fasqueda para poder llegar a un acuerdo con PAMI que brinde una mayor previsibilidad a futuro para todos los componentes de la prestaci\u00f3n.<br aria-hidden=\"true\" \/><br aria-hidden=\"true\" \/>En el semestre 12 de febrero a 11 de agosto se reconocer\u00e1 una actualizaci\u00f3n en tres tramos, un primer incremento del 15% a partir del 12 de febrero, y dos actualizaciones posteriores\u00a0 del 7% cada una para el resto del per\u00edodo.<br aria-hidden=\"true\" \/><br aria-hidden=\"true\" \/>Como resultado de ello el esquema de precios aplicables a las dispensas validadas a partir del 12 de febrero es el siguiente:<\/p>\n<p><img fetchpriority=\"high\" decoding=\"async\" class=\"alignnone size-full wp-image-8315\" src=\"https:\/\/cofarco.com.ar\/ar\/wp-content\/uploads\/2022\/02\/cof.png\" alt=\"\" width=\"360\" height=\"241\" \/><\/p>\n<p>Solicitamos a Uds. hacer una comunicaci\u00f3n urgente sobre esta novedad a las farmacias prestadoras.<br aria-hidden=\"true\" \/><br aria-hidden=\"true\" \/>Saludos COFA.-<\/p>\n","protected":false},"excerpt":{"rendered":"<p>Buenos d\u00edas, nos dirigimos a Uds. en relaci\u00f3n a la gesti\u00f3n para la continuidad del segmento de prestaci\u00f3n P\u00c2MI PA\u00d1ALES, pudiendo anunciar que se ha alcanzado un acuerdo con el Instituto para la extensi\u00f3n del acuerdo por seis (6) meses,hasta el 11 de agosto del 2.022.Este acuerdo, fruto de intensas negociaciones ante la posibilidad cierta [&#8230;]\n","protected":false},"author":2,"featured_media":0,"comment_status":"open","ping_status":"open","sticky":false,"template":"","format":"standard","meta":{"footnotes":""},"categories":[1],"tags":[],"class_list":["post-8314","post","type-post","status-publish","format-standard","hentry","category-uncategorized"],"_links":{"self":[{"href":"https:\/\/cofarco.com.ar\/ar\/wp-json\/wp\/v2\/posts\/8314","targetHints":{"allow":["GET"]}}],"collection":[{"href":"https:\/\/cofarco.com.ar\/ar\/wp-json\/wp\/v2\/posts"}],"about":[{"href":"https:\/\/cofarco.com.ar\/ar\/wp-json\/wp\/v2\/types\/post"}],"author":[{"embeddable":true,"href":"https:\/\/cofarco.com.ar\/ar\/wp-json\/wp\/v2\/users\/2"}],"replies":[{"embeddable":true,"href":"https:\/\/cofarco.com.ar\/ar\/wp-json\/wp\/v2\/comments?post=8314"}],"version-history":[{"count":2,"href":"https:\/\/cofarco.com.ar\/ar\/wp-json\/wp\/v2\/posts\/8314\/revisions"}],"predecessor-version":[{"id":8317,"href":"https:\/\/cofarco.com.ar\/ar\/wp-json\/wp\/v2\/posts\/8314\/revisions\/8317"}],"wp:attachment":[{"href":"https:\/\/cofarco.com.ar\/ar\/wp-json\/wp\/v2\/media?parent=8314"}],"wp:term":[{"taxonomy":"category","embeddable":true,"href":"https:\/\/cofarco.com.ar\/ar\/wp-json\/wp\/v2\/categories?post=8314"},{"taxonomy":"post_tag","embeddable":true,"href":"https:\/\/cofarco.com.ar\/ar\/wp-json\/wp\/v2\/tags?post=8314"}],"curies":[{"name":"wp","href":"https:\/\/api.w.org\/{rel}","templated":true}]}}