{"id":840,"date":"2016-04-05T12:26:38","date_gmt":"2016-04-05T15:26:38","guid":{"rendered":"http:\/\/www.cofarco.com.ar\/?p=840"},"modified":"2016-04-05T12:26:38","modified_gmt":"2016-04-05T15:26:38","slug":"informe-de-cofa-sobre-convenio-pami","status":"publish","type":"post","link":"https:\/\/cofarco.com.ar\/ar\/2016\/04\/05\/informe-de-cofa-sobre-convenio-pami\/","title":{"rendered":"Informe de COFA sobre Convenio PAMI"},"content":{"rendered":"<p>La Confederaci\u00f3n Farmac\u00e9utica Argentina informa que, una vez m\u00e1s, como en los \u00faltimos 15 a\u00f1os, las farmacias hemos sido ignoradas y discriminadas a la hora de la firma de una nueva pr\u00f3rroga del convenio de provisi\u00f3n de medicamentos entre el PAMI y la Industria Farmac\u00e9utica, que no contempla nuestros reclamos de reducci\u00f3n de la bonificaci\u00f3n que pagan las farmacias, aunque incluye cambios operativos en el segmento oncol\u00f3gicos y tratamientos especiales, los cuales est\u00e1n siendo objeto de negociaciones para mejorar la posici\u00f3n de las farmacias prestadoras.<\/p>\n<p>El pr\u00f3ximo mi\u00e9rcoles 6 de abril en reuni\u00f3n nacional la dirigencia farmac\u00e9utica resolver\u00e1 los pasos a seguir frente a estas novedades, sosteniendo el reclamo por:<\/p>\n<ul>\n<li>Cobro de la totalidad de la deuda atrasada que incluye pagos pendientes del mes de diciembre 2015.<\/li>\n<li>Reducci\u00f3n del aporte que las farmacias, que en promedio supera el 14% del precio del medicamento.<\/li>\n<li>Concreci\u00f3n de un cronograma de pagos definitivo y confiable que permita a las farmacias organizar su econom\u00eda sin estar sometidas a la posibilidad siempre latente de un quiebre de sus finanzas.<\/li>\n<\/ul>\n","protected":false},"excerpt":{"rendered":"<p>La Confederaci\u00f3n Farmac\u00e9utica Argentina informa que, una vez m\u00e1s, como en los \u00faltimos 15 a\u00f1os, las farmacias hemos sido ignoradas y discriminadas a la hora de la firma de una nueva pr\u00f3rroga del convenio de provisi\u00f3n de medicamentos entre el PAMI y la Industria Farmac\u00e9utica, que no contempla nuestros reclamos de reducci\u00f3n de la bonificaci\u00f3n [&#8230;]\n","protected":false},"author":2,"featured_media":0,"comment_status":"open","ping_status":"open","sticky":false,"template":"","format":"standard","meta":{"footnotes":""},"categories":[71],"tags":[],"class_list":["post-840","post","type-post","status-publish","format-standard","hentry","category-noticias"],"_links":{"self":[{"href":"https:\/\/cofarco.com.ar\/ar\/wp-json\/wp\/v2\/posts\/840","targetHints":{"allow":["GET"]}}],"collection":[{"href":"https:\/\/cofarco.com.ar\/ar\/wp-json\/wp\/v2\/posts"}],"about":[{"href":"https:\/\/cofarco.com.ar\/ar\/wp-json\/wp\/v2\/types\/post"}],"author":[{"embeddable":true,"href":"https:\/\/cofarco.com.ar\/ar\/wp-json\/wp\/v2\/users\/2"}],"replies":[{"embeddable":true,"href":"https:\/\/cofarco.com.ar\/ar\/wp-json\/wp\/v2\/comments?post=840"}],"version-history":[{"count":0,"href":"https:\/\/cofarco.com.ar\/ar\/wp-json\/wp\/v2\/posts\/840\/revisions"}],"wp:attachment":[{"href":"https:\/\/cofarco.com.ar\/ar\/wp-json\/wp\/v2\/media?parent=840"}],"wp:term":[{"taxonomy":"category","embeddable":true,"href":"https:\/\/cofarco.com.ar\/ar\/wp-json\/wp\/v2\/categories?post=840"},{"taxonomy":"post_tag","embeddable":true,"href":"https:\/\/cofarco.com.ar\/ar\/wp-json\/wp\/v2\/tags?post=840"}],"curies":[{"name":"wp","href":"https:\/\/api.w.org\/{rel}","templated":true}]}}