{"id":858,"date":"2016-04-12T11:22:48","date_gmt":"2016-04-12T14:22:48","guid":{"rendered":"http:\/\/www.cofarco.com.ar\/?p=858"},"modified":"2016-04-12T11:22:48","modified_gmt":"2016-04-12T14:22:48","slug":"carlos-alejandro-escalante","status":"publish","type":"post","link":"https:\/\/cofarco.com.ar\/ar\/2016\/04\/12\/carlos-alejandro-escalante\/","title":{"rendered":"Carlos Alejandro, Escalante."},"content":{"rendered":"<p><strong>Curr\u00edculum Vitae<\/strong><\/p>\n<p><strong>\u00a0<\/strong><strong>Datos personales<\/strong><\/p>\n<p>&nbsp;<\/p>\n<p><strong>Nombre y Apellido:<\/strong> Carlos Alejandro, Escalante.<strong><\/p>\n<p><\/strong><\/p>\n<p><strong>Fecha de nacimiento: <\/strong>4 de Agosto de 1987.<strong><\/p>\n<p><\/strong><\/p>\n<p><strong>DNI: <\/strong>33214592.<\/p>\n<p><strong><br \/>\nEstado civil:<\/strong> Soltero.<\/p>\n<p><strong><br \/>\nDirecci\u00f3n: <\/strong>Las Heras N\u00ba 1595.<\/p>\n<p><strong><br \/>\nLocalidad: <\/strong>Corrientes- Capital.<\/p>\n<p><strong><br \/>\nC\u00f3digo postal: <\/strong>3400.<\/p>\n<p><strong><br \/>\nTel\u00e9fono: <\/strong>0379- 154599871\/ 4430177.<\/p>\n<p><strong><br \/>\nE-mail: <\/strong><a href=\"mailto:escalantecarlosalejandro@gmail.com\">escalantecarlosalejandro@gmail.com<\/a><\/p>\n<p><strong>\u00a0<\/strong><\/p>\n<p><strong>Cuit: <\/strong>20-33214592-5.<\/p>\n<p>&nbsp;<\/p>\n<p><strong>\u00a0<\/strong><\/p>\n<p><strong>\u00a0<\/strong><\/p>\n<p><strong>\u00a0<\/strong><\/p>\n<p><strong>\u00a0<\/strong><\/p>\n<p><strong>\u00a0<\/strong><\/p>\n<p><strong>Formaci\u00f3n<\/strong><\/p>\n<p><strong>\u00a0<\/strong><\/p>\n<p><strong>Estudio universitario: <\/strong>a\u00f1o de egresado 2015<\/p>\n<p><strong>\u00a0\u00a0\u00a0\u00a0\u00a0\u00a0\u00a0\u00a0\u00a0\u00a0\u00a0\u00a0\u00a0\u00a0\u00a0\u00a0\u00a0\u00a0\u00a0\u00a0\u00a0\u00a0\u00a0\u00a0\u00a0\u00a0\u00a0 \u00a0\u00a0\u00a0\u00a0\u00a0\u00a0\u00a0\u00a0<\/strong>Universidad Nacional del Chaco Austral (UNCAUS)<\/p>\n<p><strong>\u00a0\u00a0<\/strong>Titulo<strong>: \u201cFARMAC\u00c9UTICO<\/strong>\u201d<\/p>\n<p><strong>\u00a0<\/strong><\/p>\n<p><strong>Estudio Secundario: <\/strong>a\u00f1o de egresado 2005.<\/p>\n<p>Escuela Normal <strong>\u201c<\/strong>Dr. Juan Gregorio Pujol<strong>\u201d.<\/strong><\/p>\n<p>Titulo: Modalidades de Humanidades y Ciencias Sociales.<\/p>\n<p>&nbsp;<\/p>\n<p>&nbsp;<\/p>\n<p>&nbsp;<\/p>\n<p><strong>Experiencia Laboral<\/strong><\/p>\n<p><strong><u>\u00a0<\/u><\/strong><\/p>\n<p><strong><u>PRACTICA PROFESIONAL<\/u><\/strong><\/p>\n<p><strong>Per\u00edodo de Trabajo<\/strong>: 2014.<\/p>\n<p><strong>Lugar de Trabajo:<\/strong> FARMACIA <strong>\u201c<\/strong>Nueve Lunas<strong>\u201d.<\/strong><\/p>\n<p><strong>Ubicaci\u00f3n: <\/strong>Comandante Fern\u00e1ndez N\u00b0 21. Presidencia Roque S\u00e1enz Pe\u00f1a-Chaco.<\/p>\n<p><strong>Actividades realizadas: <\/strong>atenci\u00f3n al p\u00fablico, cierre de obras sociales, trazabilidad entre otros.<\/p>\n<p><strong>\u00a0<\/strong><\/p>\n<p><strong>\u00a0Per\u00edodo de Trabajo<\/strong>: 2003-2006<strong>.<\/strong><\/p>\n<p><strong>Lugar de Trabajo:<\/strong> Toldos Pedrito.<\/p>\n<p><strong>Cargo: <\/strong>Empleado.<\/p>\n<p><strong>Funciones: <\/strong>colaborar en la confecci\u00f3n de toldos, colocaci\u00f3n y reparaci\u00f3n de los mismos. Atenci\u00f3n al P\u00fablico.<\/p>\n<p><strong>Referencia: Sr. Escalante Pedro- Due\u00f1o &#8211;\u00a0 <\/strong>Cel: 0379-154632057.-<\/p>\n<p>&nbsp;<\/p>\n","protected":false},"excerpt":{"rendered":"<p>Curr\u00edculum Vitae \u00a0Datos personales &nbsp; Nombre y Apellido: Carlos Alejandro, Escalante. Fecha de nacimiento: 4 de Agosto de 1987. DNI: 33214592. Estado civil: Soltero. Direcci\u00f3n: Las Heras N\u00ba 1595. Localidad: Corrientes- Capital. C\u00f3digo postal: 3400. Tel\u00e9fono: 0379- 154599871\/ 4430177. E-mail: escalantecarlosalejandro@gmail.com \u00a0 Cuit: 20-33214592-5. &nbsp; \u00a0 \u00a0 \u00a0 \u00a0 \u00a0 Formaci\u00f3n \u00a0 Estudio universitario: a\u00f1o [&#8230;]\n","protected":false},"author":2,"featured_media":0,"comment_status":"open","ping_status":"open","sticky":false,"template":"","format":"standard","meta":{"footnotes":""},"categories":[73],"tags":[],"class_list":["post-858","post","type-post","status-publish","format-standard","hentry","category-ofertas-laborales"],"_links":{"self":[{"href":"https:\/\/cofarco.com.ar\/ar\/wp-json\/wp\/v2\/posts\/858","targetHints":{"allow":["GET"]}}],"collection":[{"href":"https:\/\/cofarco.com.ar\/ar\/wp-json\/wp\/v2\/posts"}],"about":[{"href":"https:\/\/cofarco.com.ar\/ar\/wp-json\/wp\/v2\/types\/post"}],"author":[{"embeddable":true,"href":"https:\/\/cofarco.com.ar\/ar\/wp-json\/wp\/v2\/users\/2"}],"replies":[{"embeddable":true,"href":"https:\/\/cofarco.com.ar\/ar\/wp-json\/wp\/v2\/comments?post=858"}],"version-history":[{"count":0,"href":"https:\/\/cofarco.com.ar\/ar\/wp-json\/wp\/v2\/posts\/858\/revisions"}],"wp:attachment":[{"href":"https:\/\/cofarco.com.ar\/ar\/wp-json\/wp\/v2\/media?parent=858"}],"wp:term":[{"taxonomy":"category","embeddable":true,"href":"https:\/\/cofarco.com.ar\/ar\/wp-json\/wp\/v2\/categories?post=858"},{"taxonomy":"post_tag","embeddable":true,"href":"https:\/\/cofarco.com.ar\/ar\/wp-json\/wp\/v2\/tags?post=858"}],"curies":[{"name":"wp","href":"https:\/\/api.w.org\/{rel}","templated":true}]}}