{"id":8647,"date":"2022-03-30T08:43:38","date_gmt":"2022-03-30T11:43:38","guid":{"rendered":"http:\/\/cofarco.com.ar\/ar\/?p=8647"},"modified":"2022-03-30T08:43:38","modified_gmt":"2022-03-30T11:43:38","slug":"movida-solidaria-sigue-la-asistencia-a-bomberos-correntinos","status":"publish","type":"post","link":"https:\/\/cofarco.com.ar\/ar\/2022\/03\/30\/movida-solidaria-sigue-la-asistencia-a-bomberos-correntinos\/","title":{"rendered":"Movida solidaria: Sigue la asistencia a bomberos correntinos"},"content":{"rendered":"<p>La ayuda de los farmac\u00e9uticos de todo el pa\u00eds, a trav\u00e9s de la cruzada solidaria que organiz\u00f3 el Colegio de Farmac\u00e9uticos de Corrientes (COFARCO), sigue llegando a diversas localidades tras los incendios que azotaron buena parte del territorio provincial.<\/p>\n<p>En los \u00faltimos d\u00edas, la asistencia alcanz\u00f3 a las Asociaciones de Bomberos de \u00a0Santa Ana y de Bella Vista.<\/p>\n<p>Para Santa Ana, se adquirieron cubiertas para la camioneta que utilizan los bomberos, una necesidad imperiosa ya que el<em> desempe\u00f1o del m\u00f3vil en la zona de desastre resulta crucial.<\/em><\/p>\n<p><em>\u201cQueremos hacerle llegar nuestro profundo agradecimiento por la preocupaci\u00f3n permanente hacia nuestra Instituci\u00f3n. No solo eso sino la agilidad con la que respondieron ante la necesidad imperiosa que ten\u00edamos de realizar el reemplazo de las cubiertas del m\u00f3vil II Toyota Hilux\u201d, expresaron los bomberos de la zona en una carta de agradecimiento enviada a la presidente de Cofarco, farm. Desire\u00e9 Lancelle Monferrer. <\/em><\/p>\n<p><em>En Bella Vista, en tanto, se entregaron vestimenta de trabajo, <\/em>25 monjas, 25 pares de guantes y 25 antiparras.<\/p>\n<p>Las gestiones para llegar a otras localidades se siguen realizando. \u00a1Gracias a todos los que nos acompa\u00f1an en esta movida solidaria!<\/p>\n<p><img fetchpriority=\"high\" decoding=\"async\" class=\"alignnone size-medium wp-image-8648\" src=\"https:\/\/cofarco.com.ar\/ar\/wp-content\/uploads\/2022\/03\/f487f4dc-5e4e-45f3-850d-e5b8de895354-533x400.jpg\" alt=\"\" width=\"533\" height=\"400\" \/> <img decoding=\"async\" class=\"alignnone size-medium wp-image-8649\" src=\"https:\/\/cofarco.com.ar\/ar\/wp-content\/uploads\/2022\/03\/cb13f5fb-379f-4121-be3c-6fe683a4fe00-533x400.jpg\" alt=\"\" width=\"533\" height=\"400\" \/> <img decoding=\"async\" class=\"alignnone size-medium wp-image-8650\" src=\"https:\/\/cofarco.com.ar\/ar\/wp-content\/uploads\/2022\/03\/c0617117-95d8-4720-982f-919b1e1409e2-533x400.jpg\" alt=\"\" width=\"533\" height=\"400\" \/> <img loading=\"lazy\" decoding=\"async\" class=\"alignnone size-medium wp-image-8651\" src=\"https:\/\/cofarco.com.ar\/ar\/wp-content\/uploads\/2022\/03\/088c4c8d-5a30-41ef-8996-21e7e12bee8c-533x400.jpg\" alt=\"\" width=\"533\" height=\"400\" \/> <img loading=\"lazy\" decoding=\"async\" class=\"alignnone size-medium wp-image-8652\" src=\"https:\/\/cofarco.com.ar\/ar\/wp-content\/uploads\/2022\/03\/01cb83ef-21c3-422c-be6f-580ef070c0de-533x400.jpg\" alt=\"\" width=\"533\" height=\"400\" \/><\/p>\n","protected":false},"excerpt":{"rendered":"<p>La ayuda de los farmac\u00e9uticos de todo el pa\u00eds, a trav\u00e9s de la cruzada solidaria que organiz\u00f3 el Colegio de Farmac\u00e9uticos de Corrientes (COFARCO), sigue llegando a diversas localidades tras los incendios que azotaron buena parte del territorio provincial. En los \u00faltimos d\u00edas, la asistencia alcanz\u00f3 a las Asociaciones de Bomberos de \u00a0Santa Ana y [&#8230;]\n","protected":false},"author":2,"featured_media":0,"comment_status":"open","ping_status":"open","sticky":false,"template":"","format":"standard","meta":{"footnotes":""},"categories":[71],"tags":[],"class_list":["post-8647","post","type-post","status-publish","format-standard","hentry","category-noticias"],"_links":{"self":[{"href":"https:\/\/cofarco.com.ar\/ar\/wp-json\/wp\/v2\/posts\/8647","targetHints":{"allow":["GET"]}}],"collection":[{"href":"https:\/\/cofarco.com.ar\/ar\/wp-json\/wp\/v2\/posts"}],"about":[{"href":"https:\/\/cofarco.com.ar\/ar\/wp-json\/wp\/v2\/types\/post"}],"author":[{"embeddable":true,"href":"https:\/\/cofarco.com.ar\/ar\/wp-json\/wp\/v2\/users\/2"}],"replies":[{"embeddable":true,"href":"https:\/\/cofarco.com.ar\/ar\/wp-json\/wp\/v2\/comments?post=8647"}],"version-history":[{"count":1,"href":"https:\/\/cofarco.com.ar\/ar\/wp-json\/wp\/v2\/posts\/8647\/revisions"}],"predecessor-version":[{"id":8653,"href":"https:\/\/cofarco.com.ar\/ar\/wp-json\/wp\/v2\/posts\/8647\/revisions\/8653"}],"wp:attachment":[{"href":"https:\/\/cofarco.com.ar\/ar\/wp-json\/wp\/v2\/media?parent=8647"}],"wp:term":[{"taxonomy":"category","embeddable":true,"href":"https:\/\/cofarco.com.ar\/ar\/wp-json\/wp\/v2\/categories?post=8647"},{"taxonomy":"post_tag","embeddable":true,"href":"https:\/\/cofarco.com.ar\/ar\/wp-json\/wp\/v2\/tags?post=8647"}],"curies":[{"name":"wp","href":"https:\/\/api.w.org\/{rel}","templated":true}]}}