{"id":872,"date":"2016-04-14T14:15:54","date_gmt":"2016-04-14T17:15:54","guid":{"rendered":"http:\/\/www.cofarco.com.ar\/?p=872"},"modified":"2016-04-14T14:15:54","modified_gmt":"2016-04-14T17:15:54","slug":"xxii-congreso-farmaceutico-argentino","status":"publish","type":"post","link":"https:\/\/cofarco.com.ar\/ar\/2016\/04\/14\/xxii-congreso-farmaceutico-argentino\/","title":{"rendered":"XXII Congreso Farmac\u00e9utico Argentino"},"content":{"rendered":"<p>Los d\u00edas 28, 29 y 30 de agosto se realizar\u00e1 en Buenos Aires el XXII Congreso Farmac\u00e9utico Argentino. Tendr\u00e1 lugar en simult\u00e1neo con el Mundial Fip 2016.<\/p>\n<p>El eje del congreso nacional ser\u00e1 \u201cEl Farmac\u00e9utico en la Atenci\u00f3n Primaria de la Salud: Un aliado de la comunidad\u201d.<\/p>\n<p>Las inscripciones se realizar\u00e1n a trav\u00e9s de los Colegios y tendr\u00e1n un costo de 2500 pesos. (Los inscriptos al Mundial tienen acceso al Congreso Nacional).<\/p>\n<p>Aqu\u00ed descargar\u00a0<a href=\"https:\/\/cofarco.com.ar\/ar\/wp-content\/uploads\/2016\/04\/ProgramaPreliminarFINAL.pdf\" rel=\"\">ProgramaPreliminarFINAL<\/a><\/p>\n","protected":false},"excerpt":{"rendered":"<p>Los d\u00edas 28, 29 y 30 de agosto se realizar\u00e1 en Buenos Aires el XXII Congreso Farmac\u00e9utico Argentino. Tendr\u00e1 lugar en simult\u00e1neo con el Mundial Fip 2016. El eje del congreso nacional ser\u00e1 \u201cEl Farmac\u00e9utico en la Atenci\u00f3n Primaria de la Salud: Un aliado de la comunidad\u201d. Las inscripciones se realizar\u00e1n a trav\u00e9s de los [&#8230;]\n","protected":false},"author":2,"featured_media":0,"comment_status":"open","ping_status":"open","sticky":false,"template":"","format":"standard","meta":{"footnotes":""},"categories":[71],"tags":[],"class_list":["post-872","post","type-post","status-publish","format-standard","hentry","category-noticias"],"_links":{"self":[{"href":"https:\/\/cofarco.com.ar\/ar\/wp-json\/wp\/v2\/posts\/872","targetHints":{"allow":["GET"]}}],"collection":[{"href":"https:\/\/cofarco.com.ar\/ar\/wp-json\/wp\/v2\/posts"}],"about":[{"href":"https:\/\/cofarco.com.ar\/ar\/wp-json\/wp\/v2\/types\/post"}],"author":[{"embeddable":true,"href":"https:\/\/cofarco.com.ar\/ar\/wp-json\/wp\/v2\/users\/2"}],"replies":[{"embeddable":true,"href":"https:\/\/cofarco.com.ar\/ar\/wp-json\/wp\/v2\/comments?post=872"}],"version-history":[{"count":0,"href":"https:\/\/cofarco.com.ar\/ar\/wp-json\/wp\/v2\/posts\/872\/revisions"}],"wp:attachment":[{"href":"https:\/\/cofarco.com.ar\/ar\/wp-json\/wp\/v2\/media?parent=872"}],"wp:term":[{"taxonomy":"category","embeddable":true,"href":"https:\/\/cofarco.com.ar\/ar\/wp-json\/wp\/v2\/categories?post=872"},{"taxonomy":"post_tag","embeddable":true,"href":"https:\/\/cofarco.com.ar\/ar\/wp-json\/wp\/v2\/tags?post=872"}],"curies":[{"name":"wp","href":"https:\/\/api.w.org\/{rel}","templated":true}]}}