{"id":8783,"date":"2022-04-07T08:30:17","date_gmt":"2022-04-07T11:30:17","guid":{"rendered":"http:\/\/cofarco.com.ar\/ar\/?p=8783"},"modified":"2022-04-07T08:30:17","modified_gmt":"2022-04-07T11:30:17","slug":"puesto-laboral-para-direccion-tecnica-villa-gesell","status":"publish","type":"post","link":"https:\/\/cofarco.com.ar\/ar\/2022\/04\/07\/puesto-laboral-para-direccion-tecnica-villa-gesell\/","title":{"rendered":"Puesto laboral para direcci\u00f3n t\u00e9cnica (Villa Gesell)"},"content":{"rendered":"<p>Informamos de puesto laboral disponible para llevar adelante la Direcci\u00f3n T\u00e9cnica de una Farmacia en Villa Gesell (profesional farmac\u00e9utico), bajo la titularidad de una Sociedad en Comandita Simple. Se ofrecemos salario establecido por el Colegio de Farmac\u00e9uticos de la Provincia de Buenos Aires, Aportes Jubilatorios, Matr\u00edcula y Vivienda.<\/p>\n<p>Para m\u00e1s precisiones enviar mail\u00a0 lilianaromero@gesell.com.ar .\u00a0<br aria-hidden=\"true\" \/><\/p>\n","protected":false},"excerpt":{"rendered":"<p>Informamos de puesto laboral disponible para llevar adelante la Direcci\u00f3n T\u00e9cnica de una Farmacia en Villa Gesell (profesional farmac\u00e9utico), bajo la titularidad de una Sociedad en Comandita Simple. Se ofrecemos salario establecido por el Colegio de Farmac\u00e9uticos de la Provincia de Buenos Aires, Aportes Jubilatorios, Matr\u00edcula y Vivienda. Para m\u00e1s precisiones enviar mail\u00a0 lilianaromero@gesell.com.ar .\u00a0<\/p>\n","protected":false},"author":2,"featured_media":0,"comment_status":"open","ping_status":"open","sticky":false,"template":"","format":"standard","meta":{"footnotes":""},"categories":[73],"tags":[],"class_list":["post-8783","post","type-post","status-publish","format-standard","hentry","category-ofertas-laborales"],"_links":{"self":[{"href":"https:\/\/cofarco.com.ar\/ar\/wp-json\/wp\/v2\/posts\/8783","targetHints":{"allow":["GET"]}}],"collection":[{"href":"https:\/\/cofarco.com.ar\/ar\/wp-json\/wp\/v2\/posts"}],"about":[{"href":"https:\/\/cofarco.com.ar\/ar\/wp-json\/wp\/v2\/types\/post"}],"author":[{"embeddable":true,"href":"https:\/\/cofarco.com.ar\/ar\/wp-json\/wp\/v2\/users\/2"}],"replies":[{"embeddable":true,"href":"https:\/\/cofarco.com.ar\/ar\/wp-json\/wp\/v2\/comments?post=8783"}],"version-history":[{"count":1,"href":"https:\/\/cofarco.com.ar\/ar\/wp-json\/wp\/v2\/posts\/8783\/revisions"}],"predecessor-version":[{"id":8784,"href":"https:\/\/cofarco.com.ar\/ar\/wp-json\/wp\/v2\/posts\/8783\/revisions\/8784"}],"wp:attachment":[{"href":"https:\/\/cofarco.com.ar\/ar\/wp-json\/wp\/v2\/media?parent=8783"}],"wp:term":[{"taxonomy":"category","embeddable":true,"href":"https:\/\/cofarco.com.ar\/ar\/wp-json\/wp\/v2\/categories?post=8783"},{"taxonomy":"post_tag","embeddable":true,"href":"https:\/\/cofarco.com.ar\/ar\/wp-json\/wp\/v2\/tags?post=8783"}],"curies":[{"name":"wp","href":"https:\/\/api.w.org\/{rel}","templated":true}]}}