{"id":8955,"date":"2022-04-21T09:19:55","date_gmt":"2022-04-21T12:19:55","guid":{"rendered":"http:\/\/cofarco.com.ar\/ar\/?p=8955"},"modified":"2022-04-21T09:19:55","modified_gmt":"2022-04-21T12:19:55","slug":"diplomatura-universitaria-en-farmacoterapeutica-de-patologias-prevalentes-cofatuc","status":"publish","type":"post","link":"https:\/\/cofarco.com.ar\/ar\/2022\/04\/21\/diplomatura-universitaria-en-farmacoterapeutica-de-patologias-prevalentes-cofatuc\/","title":{"rendered":"Diplomatura Universitaria en Farmacoterap\u00e9utica de Patolog\u00edas Prevalentes &#8211; CoFaTuc"},"content":{"rendered":"<p>El Colegio de Farmac\u00e9uticos de Tucum\u00e1n,\u00a0 invita a participar de la \u201cDiplomatura Universitaria en Farmacoterap\u00e9utica de Patolog\u00edas Prevalentes\u201d; la misma est\u00e1 destinada especialmente a Profesionales Farmac\u00e9uticos que desarrollan su tarea a\u00a0<br aria-hidden=\"true\" \/>nivel hospitalario y a nivel privado.<br aria-hidden=\"true\" \/>La duraci\u00f3n es de dos (2) a\u00f1os y consta de cuatro cursos que completan el trayecto curricular, con una duraci\u00f3n de cuatro meses; curs\u00e1ndose dos en cada a\u00f1o calendario.<br aria-hidden=\"true\" \/>La metodolog\u00eda de dictado ser\u00e1 bimodal (presencial\/virtual), y el cursado ser\u00e1 sincr\u00f3nico. Comenzando el pr\u00f3ximo 06 de mayo del 2.022.<br aria-hidden=\"true\" \/><br aria-hidden=\"true\" \/>INFORMES E INSCRIPCI\u00d3N:<br aria-hidden=\"true\" \/><br aria-hidden=\"true\" \/>\u2022Secretaria del Colegio Farmac\u00e9uticos de Tucum\u00e1n. Tel\u00e9fono: +54 381 4225712.<br aria-hidden=\"true\" \/>\u2022Enlace a trav\u00e9s de la p\u00e1gina eventbrite: publicado en la p\u00e1gina web\u00a0<br aria-hidden=\"true\" \/>del Colegio de Farmac\u00e9uticos de Tucum\u00e1n.\u00a0<a id=\"LPlnk947964\" href=\"http:\/\/www.cofatuc.org.ar\/\" target=\"_blank\" rel=\"noopener noreferrer\" data-auth=\"NotApplicable\" data-linkindex=\"0\">www.cofatuc.org.ar<\/a>\u00a0.-<br aria-hidden=\"true\" \/><br aria-hidden=\"true\" \/>Se adjunta programa y costos de la misma.<br aria-hidden=\"true\" \/><br aria-hidden=\"true\" \/>Atte. Colegio de Farmac\u00e9uticos de Tucum\u00e1n.-<\/p>\n\n<div class=\"gde-error\">GDE Error: Error al recuperar el fichero. Si es necesario, desactiva la comprobaci\u00f3n de errores (404:Not Found)<\/div>\n\n","protected":false},"excerpt":{"rendered":"<p>El Colegio de Farmac\u00e9uticos de Tucum\u00e1n,\u00a0 invita a participar de la \u201cDiplomatura Universitaria en Farmacoterap\u00e9utica de Patolog\u00edas Prevalentes\u201d; la misma est\u00e1 destinada especialmente a Profesionales Farmac\u00e9uticos que desarrollan su tarea a\u00a0nivel hospitalario y a nivel privado.La duraci\u00f3n es de dos (2) a\u00f1os y consta de cuatro cursos que completan el trayecto curricular, con una duraci\u00f3n [&#8230;]\n","protected":false},"author":2,"featured_media":0,"comment_status":"open","ping_status":"open","sticky":false,"template":"","format":"standard","meta":{"footnotes":""},"categories":[68],"tags":[],"class_list":["post-8955","post","type-post","status-publish","format-standard","hentry","category-cursos"],"_links":{"self":[{"href":"https:\/\/cofarco.com.ar\/ar\/wp-json\/wp\/v2\/posts\/8955","targetHints":{"allow":["GET"]}}],"collection":[{"href":"https:\/\/cofarco.com.ar\/ar\/wp-json\/wp\/v2\/posts"}],"about":[{"href":"https:\/\/cofarco.com.ar\/ar\/wp-json\/wp\/v2\/types\/post"}],"author":[{"embeddable":true,"href":"https:\/\/cofarco.com.ar\/ar\/wp-json\/wp\/v2\/users\/2"}],"replies":[{"embeddable":true,"href":"https:\/\/cofarco.com.ar\/ar\/wp-json\/wp\/v2\/comments?post=8955"}],"version-history":[{"count":1,"href":"https:\/\/cofarco.com.ar\/ar\/wp-json\/wp\/v2\/posts\/8955\/revisions"}],"predecessor-version":[{"id":8959,"href":"https:\/\/cofarco.com.ar\/ar\/wp-json\/wp\/v2\/posts\/8955\/revisions\/8959"}],"wp:attachment":[{"href":"https:\/\/cofarco.com.ar\/ar\/wp-json\/wp\/v2\/media?parent=8955"}],"wp:term":[{"taxonomy":"category","embeddable":true,"href":"https:\/\/cofarco.com.ar\/ar\/wp-json\/wp\/v2\/categories?post=8955"},{"taxonomy":"post_tag","embeddable":true,"href":"https:\/\/cofarco.com.ar\/ar\/wp-json\/wp\/v2\/tags?post=8955"}],"curies":[{"name":"wp","href":"https:\/\/api.w.org\/{rel}","templated":true}]}}