{"id":903,"date":"2016-05-07T09:24:01","date_gmt":"2016-05-07T12:24:01","guid":{"rendered":"http:\/\/www.cofarco.com.ar\/?p=903"},"modified":"2016-05-07T09:24:01","modified_gmt":"2016-05-07T12:24:01","slug":"novedades-sobre-el-xxii-congreso-farmaceutico-argentino","status":"publish","type":"post","link":"https:\/\/cofarco.com.ar\/ar\/2016\/05\/07\/novedades-sobre-el-xxii-congreso-farmaceutico-argentino\/","title":{"rendered":"Novedades sobre el XXII Congreso Farmac\u00e9utico Argentino"},"content":{"rendered":"<p>La Confederaci\u00f3n Farmac\u00e9utica Argeitna (COFA) brinda detalles respecto de la realizaci\u00f3n del XXII Congreso Farmac\u00e9utico Argentino: \u201cEl Farmac\u00e9utico en la Atenci\u00f3n Primaria de la Salud, Un aliado de la comunidad\u201d, que se desarrollar\u00e1 en el Hotel Hilton de la Ciudad Aut\u00f3noma de Buenos Aires del 28 al 30 de agosto del 2016.<\/p>\n","protected":false},"excerpt":{"rendered":"<p>La Confederaci\u00f3n Farmac\u00e9utica Argeitna (COFA) brinda detalles respecto de la realizaci\u00f3n del XXII Congreso Farmac\u00e9utico Argentino: \u201cEl Farmac\u00e9utico en la Atenci\u00f3n Primaria de la Salud, Un aliado de la comunidad\u201d, que se desarrollar\u00e1 en el Hotel Hilton de la Ciudad Aut\u00f3noma de Buenos Aires del 28 al 30 de agosto del 2016.<\/p>\n","protected":false},"author":2,"featured_media":0,"comment_status":"open","ping_status":"open","sticky":false,"template":"","format":"standard","meta":{"footnotes":""},"categories":[1],"tags":[],"class_list":["post-903","post","type-post","status-publish","format-standard","hentry","category-uncategorized"],"_links":{"self":[{"href":"https:\/\/cofarco.com.ar\/ar\/wp-json\/wp\/v2\/posts\/903","targetHints":{"allow":["GET"]}}],"collection":[{"href":"https:\/\/cofarco.com.ar\/ar\/wp-json\/wp\/v2\/posts"}],"about":[{"href":"https:\/\/cofarco.com.ar\/ar\/wp-json\/wp\/v2\/types\/post"}],"author":[{"embeddable":true,"href":"https:\/\/cofarco.com.ar\/ar\/wp-json\/wp\/v2\/users\/2"}],"replies":[{"embeddable":true,"href":"https:\/\/cofarco.com.ar\/ar\/wp-json\/wp\/v2\/comments?post=903"}],"version-history":[{"count":0,"href":"https:\/\/cofarco.com.ar\/ar\/wp-json\/wp\/v2\/posts\/903\/revisions"}],"wp:attachment":[{"href":"https:\/\/cofarco.com.ar\/ar\/wp-json\/wp\/v2\/media?parent=903"}],"wp:term":[{"taxonomy":"category","embeddable":true,"href":"https:\/\/cofarco.com.ar\/ar\/wp-json\/wp\/v2\/categories?post=903"},{"taxonomy":"post_tag","embeddable":true,"href":"https:\/\/cofarco.com.ar\/ar\/wp-json\/wp\/v2\/tags?post=903"}],"curies":[{"name":"wp","href":"https:\/\/api.w.org\/{rel}","templated":true}]}}