{"id":908,"date":"2016-05-11T09:02:32","date_gmt":"2016-05-11T12:02:32","guid":{"rendered":"http:\/\/www.cofarco.com.ar\/?p=908"},"modified":"2016-05-11T09:02:32","modified_gmt":"2016-05-11T12:02:32","slug":"curso-virtual-servicios-farmaceuticos-en-atencion-primaria-de-la-salud","status":"publish","type":"post","link":"https:\/\/cofarco.com.ar\/ar\/2016\/05\/11\/curso-virtual-servicios-farmaceuticos-en-atencion-primaria-de-la-salud\/","title":{"rendered":"Curso Virtual \u201cServicios Farmac\u00e9uticos en Atenci\u00f3n Primaria de la Salud\u201d"},"content":{"rendered":"<p>Hasta el d\u00eda 13 de mayo se podr\u00e1n enviar las n\u00f3minas de participantes para el Curso Virtual de <strong>\u201cServicios Farmac\u00e9uticos (SF) en Atenci\u00f3n Primaria de la Salud (APS) para gestores\u201d, <\/strong>una capacitaci\u00f3n que se pone a disposici\u00f3n de los interesados por \u00faltima vez con su formato actual y que est\u00e1 pensado para aquellos profesionales interesados en la filosof\u00eda del servicio farmac\u00e9utico para fortalecer el sistema de la salud primaria.<\/p>\n<p>El curso es organizado de manera conjunta por el Foro Farmac\u00e9utico de las Am\u00e9ricas y la Confederaci\u00f3n Farmac\u00e9utica Argentina (COFA). El cupo es limitado y s\u00f3lo podr\u00e1n inscribirse 30 profesionales. Adem\u00e1s de la Argentina, participar\u00e1n Colombia, Costa Rica, Ecuador, Paraguay y Uruguay.<\/p>\n<p>La capacitaci\u00f3n comenzar\u00e1 el 1\u00ba de junio y se extender\u00e1 hasta el 30 de noviembre de 2016. Tiene como objetivo general impulsar el desarrollo de los SF basados en APS a trav\u00e9s del fortalecimiento de las capacidades de los l\u00edderes y gestores de Servicios Farmac\u00e9uticos en los diferentes niveles.<\/p>\n<p>As\u00ed, entre sus prop\u00f3sito espec\u00edficos estar\u00e1 orientado a comprender el papel de los SF en el fortalecimiento de los sistemas y servicios de salud basados \u00a0as\u00ed como la influencia de los determinantes sociales de la salud;\u00a0 identificar los elementos constitutivos de los SF y reflexionar acerca de la gesti\u00f3n de cambio del enfoque de estos servicios, del medicamento hacia las personas, la familia y la comunidad, reconocer las competencias necesarias para su implementaci\u00f3n y proponer estrategias para el desarrollo de \u00e9stas.<\/p>\n<p>El costo del curso es de 3 mil pesos en concepto de pago de matr\u00edcula, destinados exclusivamente al pago de los tutores que acompa\u00f1ar\u00e1n a los cursantes en los foros, evaluaciones y en el seguimiento del trabajo final. La carga horaria es de 185 horas, y los participantes deber\u00e1n disponer de 10 horas semanales para el desarrollo de las actividades asincr\u00f3nicas y sincr\u00f3nicas. De los trabajos finales presentados se seleccionar\u00e1n los m\u00e1s destacados y ser\u00e1n invitados a exponerlos en el pr\u00f3ximo congreso nacional 2017.<\/p>\n<p>El cupo es limitado (30 farmac\u00e9uticos) y los inscriptos deber\u00e1n realizar el pago a la COFA en la modalidad de transferencias bancario o a trav\u00e9s de tarjeta de cr\u00e9dito. Aquellos participantes que cumplan con todos las actividades y aprueben el trabajo final recibir\u00e1n una bonificaci\u00f3n de parte de la COFA de 500 pesos.<\/p>\n","protected":false},"excerpt":{"rendered":"<p>Hasta el d\u00eda 13 de mayo se podr\u00e1n enviar las n\u00f3minas de participantes para el Curso Virtual de \u201cServicios Farmac\u00e9uticos (SF) en Atenci\u00f3n Primaria de la Salud (APS) para gestores\u201d, una capacitaci\u00f3n que se pone a disposici\u00f3n de los interesados por \u00faltima vez con su formato actual y que est\u00e1 pensado para aquellos profesionales interesados [&#8230;]\n","protected":false},"author":2,"featured_media":0,"comment_status":"open","ping_status":"open","sticky":false,"template":"","format":"standard","meta":{"footnotes":""},"categories":[71,1],"tags":[],"class_list":["post-908","post","type-post","status-publish","format-standard","hentry","category-noticias","category-uncategorized"],"_links":{"self":[{"href":"https:\/\/cofarco.com.ar\/ar\/wp-json\/wp\/v2\/posts\/908","targetHints":{"allow":["GET"]}}],"collection":[{"href":"https:\/\/cofarco.com.ar\/ar\/wp-json\/wp\/v2\/posts"}],"about":[{"href":"https:\/\/cofarco.com.ar\/ar\/wp-json\/wp\/v2\/types\/post"}],"author":[{"embeddable":true,"href":"https:\/\/cofarco.com.ar\/ar\/wp-json\/wp\/v2\/users\/2"}],"replies":[{"embeddable":true,"href":"https:\/\/cofarco.com.ar\/ar\/wp-json\/wp\/v2\/comments?post=908"}],"version-history":[{"count":0,"href":"https:\/\/cofarco.com.ar\/ar\/wp-json\/wp\/v2\/posts\/908\/revisions"}],"wp:attachment":[{"href":"https:\/\/cofarco.com.ar\/ar\/wp-json\/wp\/v2\/media?parent=908"}],"wp:term":[{"taxonomy":"category","embeddable":true,"href":"https:\/\/cofarco.com.ar\/ar\/wp-json\/wp\/v2\/categories?post=908"},{"taxonomy":"post_tag","embeddable":true,"href":"https:\/\/cofarco.com.ar\/ar\/wp-json\/wp\/v2\/tags?post=908"}],"curies":[{"name":"wp","href":"https:\/\/api.w.org\/{rel}","templated":true}]}}