{"id":914,"date":"2016-05-18T14:04:31","date_gmt":"2016-05-18T17:04:31","guid":{"rendered":"http:\/\/www.cofarco.com.ar\/?p=914"},"modified":"2016-05-18T14:04:31","modified_gmt":"2016-05-18T17:04:31","slug":"terapeutica-farmacologica-de-afecciones-del-aparato-respiratorio","status":"publish","type":"post","link":"https:\/\/cofarco.com.ar\/ar\/2016\/05\/18\/terapeutica-farmacologica-de-afecciones-del-aparato-respiratorio\/","title":{"rendered":"Terap\u00e9utica Farmacol\u00f3gica de afecciones del Aparato Respiratorio"},"content":{"rendered":"<p><img fetchpriority=\"high\" decoding=\"async\" class=\"alignnone size-medium wp-image-931\" src=\"https:\/\/cofarco.com.ar\/ar\/wp-content\/uploads\/2016\/05\/IMG-20160620-WA0010-300x169.jpg\" alt=\"IMG-20160620-WA0010\" width=\"300\" height=\"169\" \/> <img decoding=\"async\" class=\"alignnone size-medium wp-image-932\" src=\"https:\/\/cofarco.com.ar\/ar\/wp-content\/uploads\/2016\/05\/IMG-20160620-WA0017-300x169.jpg\" alt=\"IMG-20160620-WA0017\" width=\"300\" height=\"169\" \/> <img decoding=\"async\" class=\"alignnone size-medium wp-image-933\" src=\"https:\/\/cofarco.com.ar\/ar\/wp-content\/uploads\/2016\/05\/IMG-20160620-WA0018-300x169.jpg\" alt=\"IMG-20160620-WA0018\" width=\"300\" height=\"169\" \/>El Colegio de Farmac\u00e9uticos de la Provincia de Corrientes realiz\u00f3\u00a0el curso de Terap\u00e9utica Farmacol\u00f3gica de Afecciones del Aparato Respiratorio el s\u00e1bado 4 de junio, en la localidad de Santo Tom\u00e9. Estuvo a cargo de la capacitaci\u00f3n el doctor Daniel Morales, de la c\u00e1tedra de Farmacolog\u00eda de la Facultad de Medicina de la UNNE<\/p>\n<p>Los participantes recibieron puntos para la Certificaci\u00f3n y Re-certificaci\u00f3n. Los temas que se abordaron fueron: Terap\u00e9utica Farmacol\u00f3gica de afecciones del Aparato Respiratorio; farmacolog\u00eda del Asma Bronquial; Factores condicionantes Selecci\u00f3n de estrategias terap\u00e9uticas farmacol\u00f3gicas y no farmacol\u00f3gicas; evaluaci\u00f3n de la eficacia terap\u00e9utica de f\u00e1rmacos antitusivos, expectorantes y mucol\u00edticos; y aplicaci\u00f3n de criterios de selecci\u00f3n de medicamentos para el tratamiento de las situaciones de salud planteadas.<\/p>\n<p>&nbsp;<\/p>\n","protected":false},"excerpt":{"rendered":"<p>El Colegio de Farmac\u00e9uticos de la Provincia de Corrientes realiz\u00f3\u00a0el curso de Terap\u00e9utica Farmacol\u00f3gica de Afecciones del Aparato Respiratorio el s\u00e1bado 4 de junio, en la localidad de Santo Tom\u00e9. Estuvo a cargo de la capacitaci\u00f3n el doctor Daniel Morales, de la c\u00e1tedra de Farmacolog\u00eda de la Facultad de Medicina de la UNNE Los participantes [&#8230;]\n","protected":false},"author":2,"featured_media":0,"comment_status":"open","ping_status":"open","sticky":false,"template":"","format":"standard","meta":{"footnotes":""},"categories":[71,1],"tags":[],"class_list":["post-914","post","type-post","status-publish","format-standard","hentry","category-noticias","category-uncategorized"],"_links":{"self":[{"href":"https:\/\/cofarco.com.ar\/ar\/wp-json\/wp\/v2\/posts\/914","targetHints":{"allow":["GET"]}}],"collection":[{"href":"https:\/\/cofarco.com.ar\/ar\/wp-json\/wp\/v2\/posts"}],"about":[{"href":"https:\/\/cofarco.com.ar\/ar\/wp-json\/wp\/v2\/types\/post"}],"author":[{"embeddable":true,"href":"https:\/\/cofarco.com.ar\/ar\/wp-json\/wp\/v2\/users\/2"}],"replies":[{"embeddable":true,"href":"https:\/\/cofarco.com.ar\/ar\/wp-json\/wp\/v2\/comments?post=914"}],"version-history":[{"count":0,"href":"https:\/\/cofarco.com.ar\/ar\/wp-json\/wp\/v2\/posts\/914\/revisions"}],"wp:attachment":[{"href":"https:\/\/cofarco.com.ar\/ar\/wp-json\/wp\/v2\/media?parent=914"}],"wp:term":[{"taxonomy":"category","embeddable":true,"href":"https:\/\/cofarco.com.ar\/ar\/wp-json\/wp\/v2\/categories?post=914"},{"taxonomy":"post_tag","embeddable":true,"href":"https:\/\/cofarco.com.ar\/ar\/wp-json\/wp\/v2\/tags?post=914"}],"curies":[{"name":"wp","href":"https:\/\/api.w.org\/{rel}","templated":true}]}}