{"id":920,"date":"2016-06-01T18:00:01","date_gmt":"2016-06-01T21:00:01","guid":{"rendered":"http:\/\/www.cofarco.com.ar\/?p=920"},"modified":"2016-06-01T18:00:01","modified_gmt":"2016-06-01T21:00:01","slug":"curso-e-learning-introduccion-a-las-terapias-biotecnologicas-i-parte","status":"publish","type":"post","link":"https:\/\/cofarco.com.ar\/ar\/2016\/06\/01\/curso-e-learning-introduccion-a-las-terapias-biotecnologicas-i-parte\/","title":{"rendered":"Curso e-learning \u201cIntroducci\u00f3n a las Terapias Biotecnol\u00f3gicas \u2013 I parte\u201d"},"content":{"rendered":"<p>La Confederaci\u00f3n Farmac\u00e9utica Argentina realiza, con la coordinaci\u00f3n y direcci\u00f3n de los doctores Ester Filinger y Carlos Manassero, el Curso \u00a0e-learning \u00a0\u201cIntroducci\u00f3n a las Terapias Biotecnol\u00f3gicas \u2013 I parte\u201d.<\/p>\n<p>La capacitaci\u00f3n comenzar\u00e1 el 21 de junio y \u00a0comprende 3 m\u00f3dulos sobre diferentes temas que se consideran fundamentales para informar, asesorar y comunicar a los pacientes ambulatorios y a sus familiares sobre el uso de medicamentos biotecnol\u00f3gicos. (M\u00f3dulo 1: Introducci\u00f3n a la Biolog\u00eda Molecular. M\u00f3dulo 2: Bases de inmunolog\u00eda. M\u00f3dulo 3: Farmacogen\u00e9tica y Farmacogen\u00f3mica)<\/p>\n<p>Cada m\u00f3dulo estar\u00e1 disponible a trav\u00e9s de la p\u00e1gina COFA en forma secuencial hasta completar el \u00faltimo de los temas desarrollados. La carga horaria es de 100 horas c\u00e1tedras, con cr\u00e9ditos para la certificaci\u00f3n y Rectificaci\u00f3n profesional.<\/p>\n<p>Los farmac\u00e9uticos podr\u00e1n inscribirse hasta el 15 de junio de 2016.<\/p>\n","protected":false},"excerpt":{"rendered":"<p>La Confederaci\u00f3n Farmac\u00e9utica Argentina realiza, con la coordinaci\u00f3n y direcci\u00f3n de los doctores Ester Filinger y Carlos Manassero, el Curso \u00a0e-learning \u00a0\u201cIntroducci\u00f3n a las Terapias Biotecnol\u00f3gicas \u2013 I parte\u201d. La capacitaci\u00f3n comenzar\u00e1 el 21 de junio y \u00a0comprende 3 m\u00f3dulos sobre diferentes temas que se consideran fundamentales para informar, asesorar y comunicar a los pacientes [&#8230;]\n","protected":false},"author":2,"featured_media":0,"comment_status":"open","ping_status":"open","sticky":false,"template":"","format":"standard","meta":{"footnotes":""},"categories":[71,1],"tags":[],"class_list":["post-920","post","type-post","status-publish","format-standard","hentry","category-noticias","category-uncategorized"],"_links":{"self":[{"href":"https:\/\/cofarco.com.ar\/ar\/wp-json\/wp\/v2\/posts\/920","targetHints":{"allow":["GET"]}}],"collection":[{"href":"https:\/\/cofarco.com.ar\/ar\/wp-json\/wp\/v2\/posts"}],"about":[{"href":"https:\/\/cofarco.com.ar\/ar\/wp-json\/wp\/v2\/types\/post"}],"author":[{"embeddable":true,"href":"https:\/\/cofarco.com.ar\/ar\/wp-json\/wp\/v2\/users\/2"}],"replies":[{"embeddable":true,"href":"https:\/\/cofarco.com.ar\/ar\/wp-json\/wp\/v2\/comments?post=920"}],"version-history":[{"count":0,"href":"https:\/\/cofarco.com.ar\/ar\/wp-json\/wp\/v2\/posts\/920\/revisions"}],"wp:attachment":[{"href":"https:\/\/cofarco.com.ar\/ar\/wp-json\/wp\/v2\/media?parent=920"}],"wp:term":[{"taxonomy":"category","embeddable":true,"href":"https:\/\/cofarco.com.ar\/ar\/wp-json\/wp\/v2\/categories?post=920"},{"taxonomy":"post_tag","embeddable":true,"href":"https:\/\/cofarco.com.ar\/ar\/wp-json\/wp\/v2\/tags?post=920"}],"curies":[{"name":"wp","href":"https:\/\/api.w.org\/{rel}","templated":true}]}}