{"id":923,"date":"2016-06-17T14:29:18","date_gmt":"2016-06-17T17:29:18","guid":{"rendered":"http:\/\/www.cofarco.com.ar\/?p=923"},"modified":"2016-06-17T14:29:18","modified_gmt":"2016-06-17T17:29:18","slug":"corte-de-pami-para-reflexionar","status":"publish","type":"post","link":"https:\/\/cofarco.com.ar\/ar\/2016\/06\/17\/corte-de-pami-para-reflexionar\/","title":{"rendered":"Corte de PAMI: Para reflexionar&#8230;"},"content":{"rendered":"<p>Una vez m\u00e1s comprobamos que instituciones hermanas, representativas de farmacias y farmac\u00e9uticos que viven la misma situaci\u00f3n cr\u00edtica por la cual la COFA, los Colegios y las farmacias convocaron a la suspensi\u00f3n del convenio PAMI en todo el pa\u00eds por tiempo indeterminado, han decidido boicotear esta medida.<br \/>\nEn el momento en el que m\u00e1s unidad y fuerza necesitamos los farmac\u00e9uticos y las farmacias para lograr una respuesta a nuestros reclamos, para defender la sustentabilidad de las farmacias, para negociar avances, quienes deber\u00edan respaldarnos y estar junto a nosotros liderando esta medida de fuerza, se expresan abiertamente en contra.<br \/>\nSabemos que muchas farmacias no pertenecientes a la Confederaci\u00f3n esperaban tambi\u00e9n esta medida ya que les resulta insostenible la prestaci\u00f3n de servicios al PAMI con la deuda acumulada. De hecho, muchas se han adherido al corte.<br \/>\nLamentablemente sus representantes no los representaron. Esperamos que esas farmacias y farmac\u00e9uticos reciban las explicaciones correspondientes de parte de quienes decidieron tomar esa postura contraria a quienes hoy soportamos una deuda que supera los 2.000 millones de pesos.<br \/>\nEl individualismo ha llevado siempre al fracaso. La unidad y la solidaridad nos dan la fuerza y la solidez que necesitamos como sector.<\/p>\n","protected":false},"excerpt":{"rendered":"<p>Una vez m\u00e1s comprobamos que instituciones hermanas, representativas de farmacias y farmac\u00e9uticos que viven la misma situaci\u00f3n cr\u00edtica por la cual la COFA, los Colegios y las farmacias convocaron a la suspensi\u00f3n del convenio PAMI en todo el pa\u00eds por tiempo indeterminado, han decidido boicotear esta medida. En el momento en el que m\u00e1s unidad [&#8230;]\n","protected":false},"author":2,"featured_media":0,"comment_status":"open","ping_status":"open","sticky":false,"template":"","format":"standard","meta":{"footnotes":""},"categories":[1],"tags":[],"class_list":["post-923","post","type-post","status-publish","format-standard","hentry","category-uncategorized"],"_links":{"self":[{"href":"https:\/\/cofarco.com.ar\/ar\/wp-json\/wp\/v2\/posts\/923","targetHints":{"allow":["GET"]}}],"collection":[{"href":"https:\/\/cofarco.com.ar\/ar\/wp-json\/wp\/v2\/posts"}],"about":[{"href":"https:\/\/cofarco.com.ar\/ar\/wp-json\/wp\/v2\/types\/post"}],"author":[{"embeddable":true,"href":"https:\/\/cofarco.com.ar\/ar\/wp-json\/wp\/v2\/users\/2"}],"replies":[{"embeddable":true,"href":"https:\/\/cofarco.com.ar\/ar\/wp-json\/wp\/v2\/comments?post=923"}],"version-history":[{"count":0,"href":"https:\/\/cofarco.com.ar\/ar\/wp-json\/wp\/v2\/posts\/923\/revisions"}],"wp:attachment":[{"href":"https:\/\/cofarco.com.ar\/ar\/wp-json\/wp\/v2\/media?parent=923"}],"wp:term":[{"taxonomy":"category","embeddable":true,"href":"https:\/\/cofarco.com.ar\/ar\/wp-json\/wp\/v2\/categories?post=923"},{"taxonomy":"post_tag","embeddable":true,"href":"https:\/\/cofarco.com.ar\/ar\/wp-json\/wp\/v2\/tags?post=923"}],"curies":[{"name":"wp","href":"https:\/\/api.w.org\/{rel}","templated":true}]}}