{"id":9363,"date":"2022-05-23T12:59:10","date_gmt":"2022-05-23T15:59:10","guid":{"rendered":"http:\/\/cofarco.com.ar\/ar\/?p=9363"},"modified":"2022-05-23T12:59:10","modified_gmt":"2022-05-23T15:59:10","slug":"autotest-covid-se-habilita-el-modulo-de-dispensa-a-empresas","status":"publish","type":"post","link":"https:\/\/cofarco.com.ar\/ar\/2022\/05\/23\/autotest-covid-se-habilita-el-modulo-de-dispensa-a-empresas\/","title":{"rendered":"Autotest COVID &#8211; Se habilita el m\u00f3dulo de dispensa a Empresas"},"content":{"rendered":"<p>Comunicamos que hemos activado en SIAFAR, en el acceso al registro de dispensa de AUTOTEST COVID, la opci\u00f3n de dispensa de AUTOTEST A EMPRESAS.<br aria-hidden=\"true\" \/>En un escenario de marcado crecimiento en el consumo de Autotest COVID en las farmacias de todo el pa\u00eds en los \u00faltimos d\u00edas, habi\u00e9ndose multiplicado por tres la cantidad de autotest dispensados en los primeros 19 d\u00edas de mayo respecto a los primeros 19 d\u00edas de abril, es que se decidi\u00f3 activar la opci\u00f3n de venta a EMPRESAS que se encontraba desarrollada para este escenario de alta demanda.<br aria-hidden=\"true\" \/>Mediante esta opci\u00f3n, las farmacias que as\u00ed lo requieran podr\u00e1n dispensar a una EMPRESA u organizaci\u00f3n una cantidad superior a las 5 unidades de autotest de una sola vez, operando el ingreso mediante un procedimiento<br aria-hidden=\"true\" \/>espec\u00edficamente dise\u00f1ado para este fin, lo cual requiere de la intervenci\u00f3n de un nuevo actor en el proceso, que es el llamado\u00a0<br aria-hidden=\"true\" \/>REFERENTE de la Empresa u organizaci\u00f3n que adquiere los autotest.<\/p>\n<p>Adjuntamos a la presente comunicaci\u00f3n un detallado Instructivo de la operatoria en SIAFAR para este particular tipo de dispensa, que entendemos puede comenzar a tener demanda dentro de esta nueva ola de contagios que est\u00e1 comenzando a manifestarse en el pa\u00eds.<br aria-hidden=\"true\" \/><br aria-hidden=\"true\" \/>Quedamos a disposici\u00f3n para cualquier consulta, y continuaremos informando sobre eventuales novedades de este procedimiento.<br aria-hidden=\"true\" \/><br aria-hidden=\"true\" \/>Saludos COFA.-<br aria-hidden=\"true\" \/><br aria-hidden=\"true\" \/><br aria-hidden=\"true\" \/><\/p>\n\n<div class=\"gde-error\">GDE Error: Error al recuperar el fichero. Si es necesario, desactiva la comprobaci\u00f3n de errores (404:Not Found)<\/div>\n\n","protected":false},"excerpt":{"rendered":"<p>Comunicamos que hemos activado en SIAFAR, en el acceso al registro de dispensa de AUTOTEST COVID, la opci\u00f3n de dispensa de AUTOTEST A EMPRESAS.En un escenario de marcado crecimiento en el consumo de Autotest COVID en las farmacias de todo el pa\u00eds en los \u00faltimos d\u00edas, habi\u00e9ndose multiplicado por tres la cantidad de autotest dispensados [&#8230;]\n","protected":false},"author":2,"featured_media":0,"comment_status":"open","ping_status":"open","sticky":false,"template":"","format":"standard","meta":{"footnotes":""},"categories":[1],"tags":[],"class_list":["post-9363","post","type-post","status-publish","format-standard","hentry","category-uncategorized"],"_links":{"self":[{"href":"https:\/\/cofarco.com.ar\/ar\/wp-json\/wp\/v2\/posts\/9363","targetHints":{"allow":["GET"]}}],"collection":[{"href":"https:\/\/cofarco.com.ar\/ar\/wp-json\/wp\/v2\/posts"}],"about":[{"href":"https:\/\/cofarco.com.ar\/ar\/wp-json\/wp\/v2\/types\/post"}],"author":[{"embeddable":true,"href":"https:\/\/cofarco.com.ar\/ar\/wp-json\/wp\/v2\/users\/2"}],"replies":[{"embeddable":true,"href":"https:\/\/cofarco.com.ar\/ar\/wp-json\/wp\/v2\/comments?post=9363"}],"version-history":[{"count":1,"href":"https:\/\/cofarco.com.ar\/ar\/wp-json\/wp\/v2\/posts\/9363\/revisions"}],"predecessor-version":[{"id":9365,"href":"https:\/\/cofarco.com.ar\/ar\/wp-json\/wp\/v2\/posts\/9363\/revisions\/9365"}],"wp:attachment":[{"href":"https:\/\/cofarco.com.ar\/ar\/wp-json\/wp\/v2\/media?parent=9363"}],"wp:term":[{"taxonomy":"category","embeddable":true,"href":"https:\/\/cofarco.com.ar\/ar\/wp-json\/wp\/v2\/categories?post=9363"},{"taxonomy":"post_tag","embeddable":true,"href":"https:\/\/cofarco.com.ar\/ar\/wp-json\/wp\/v2\/tags?post=9363"}],"curies":[{"name":"wp","href":"https:\/\/api.w.org\/{rel}","templated":true}]}}