{"id":938,"date":"2016-06-22T16:19:59","date_gmt":"2016-06-22T19:19:59","guid":{"rendered":"http:\/\/www.cofarco.com.ar\/?p=938"},"modified":"2016-06-22T16:19:59","modified_gmt":"2016-06-22T19:19:59","slug":"tras-40-anos-de-servicio-generoso-y-comprometido-alicia-se-despidio-del-colegio","status":"publish","type":"post","link":"https:\/\/cofarco.com.ar\/ar\/2016\/06\/22\/tras-40-anos-de-servicio-generoso-y-comprometido-alicia-se-despidio-del-colegio\/","title":{"rendered":"Tras 40 a\u00f1os de servicio generoso y comprometido, Alicia se despidi\u00f3 del Colegio"},"content":{"rendered":"<p>Despu\u00e9s de haber trabajo con gran esmero y dedicaci\u00f3n para el bienestar de nuestros Colegio y sus asociados, Alicia Herrero se despidi\u00f3 de esta casa para gozar del beneficio de la jubilaci\u00f3n. Para agasajarla, sus compa\u00f1eros de la administraci\u00f3n y la comisi\u00f3n directiva compartieron con ella una emotiva cena.<\/p>\n<p>Dif\u00edcilmente, alguna de las tantas personas que fueron parte de manera directa o indirecta de la historia del Colegio de Farmac\u00e9uticos de la Provincia de Corrientes en las \u00faltimas 4 d\u00e9cadas, desconozca la inigualable misi\u00f3n que desempe\u00f1\u00f3 Alicia Herrero, la Administradora de esta instituci\u00f3n. El compromiso, la tenacidad y el celoso cuidado con el que llev\u00f3 adelante la administraci\u00f3n la ponen en un lugar de privilegio en las p\u00e1ginas que relatan la vida de esta casa.<\/p>\n<p>Con estas l\u00edneas queremos destacar su loable tarea. Contarle a ella, y a los dem\u00e1s, que su huella ser\u00e1 imborrable en la historia institucional por haber actuado tan lealmente a los intereses del Colegio y de sus asociados, por haber promovido innumerables mejoras y avances para los colegiados, y por sobre todo, por su destacable cualidad servicial.<\/p>\n<p>Alicia comenz\u00f3 a trabajar en el Colegio el 3 de marzo de 1976, un a\u00f1o social y pol\u00edticamente dif\u00edcil para toda la Argentina. Para ese entonces, el organismo no contaba con sede propia. \u201cNo ten\u00edamos ni tel\u00e9fono. S\u00f3lo una silla y una mesa\u201d, recuerda Alicia.<\/p>\n<p>\u201cCuando comenc\u00e9 a trabajar en el Colegio, no conoc\u00eda nada m\u00e1s que la terminal de \u00d3mnibus, el Banco Hipotecario y la confiter\u00eda Panamb\u00ed. Recuerdo que un d\u00eda tuve que llevar unos papeles a la obra social de Bancarios, por San Juan entre Julio y Pellegrini. Como no conoc\u00eda la ciudad, di tantas vueltas que reci\u00e9n despu\u00e9s de tres horas logr\u00e9 entregar el pedido\u201d, cuenta entre risas.<\/p>\n<p>Ingres\u00f3 como secretaria y a los pocos meses fue designada gerente (Administradora general), cargo que ocup\u00f3 hasta finalizar sus tr\u00e1mites jubilatorios. Fue part\u00edcipe activa de los proyectos de adquisici\u00f3n de las casas propias. La primera se concret\u00f3 en\u00a0 1979, con la compra de un edificio en Belgrano 2086, que luego de un arduo trabajo de remodelaci\u00f3n se inaugur\u00f3 en 1980.<\/p>\n<p>\u201cTiempo despu\u00e9s, Cooperativa Farmac\u00e9utica comienza a tener serios problemas econ\u00f3micos por lo que el Colegio decide comprarles una parte de su edificio \u2013la sede actual- y luego, la casa contigua\u201d, a\u00f1adi\u00f3.<\/p>\n<p>Alicia ten\u00eda 25 a\u00f1os cuando empez\u00f3 a trabajar en el Colegio y una energ\u00eda que movilizaba todo. Supo sobrepasar las dificultades del camino y adaptarse a las situaciones particulares de cada \u00e9poca,\u00a0 siempre anteponiendo el deseo de aportar al sostenimiento y crecimiento del Colegio. Recuerda que tras su ingreso, trabaj\u00f3 unos 8 meses sin percibir salario debido a la deficiente situaci\u00f3n financiera de aquel momento. \u201cTodo lo hac\u00eda con ganas y con compromiso. Asum\u00ed esta funci\u00f3n como una misi\u00f3n propia. Esta se convirti\u00f3 en mi segunda casa. Disfrute tanto este trabajo, y lo sigo haciendo. La tarea es vertiginosa todos los d\u00edas. No podemos parar, es apasionante\u201d, expresa, y luego agrega: \u201c\u00c9ramos tan pocos en ese entonces. Recuerdo que en noviembre de 1976 tuve a mi primer compa\u00f1ero, un retirado del Ej\u00e9rcito, Don Jacinto Gamarra. Luego llegu\u00e9 a tener ocho empleados a mi cargo, hombres en su mayor\u00eda\u201d.<\/p>\n<p>Oriunda de Intendente Alvear, provincia de La Pampa, lleg\u00f3 a Corrientes un tiempo antes de incorporarse al Colegio, acompa\u00f1ando a su hermano farmac\u00e9utico que compr\u00f3 una Farmacia en Saladas. \u201cTrabajaba en la Farmacia y tambi\u00e9n en una Escriban\u00eda, hasta que \u00e9l se entera que el Colegio hab\u00eda quedada sin secretaria y me propone. El presidente, Isaac Plotkin, acept\u00f3 y comenc\u00e9 a trabajar de inmediato\u201d.<\/p>\n<p>Sobre aquellos a\u00f1os, a\u00f1ora: \u201cSe trabajaba mucho, todo era de manera manual, pero se trabajaba muy bien. No era el ritmo de ahora. PAMI, por ejemplo, se hab\u00eda creado en 1968. Todo era nuevo y las \u00fanicas obras sociales con las que trabaj\u00e1bamos,\u00a0 a parte de esa, eran la de los Bancarios, Osplad y Ferroviarios. Ioscor no exist\u00eda. Ahora, tenemos m\u00e1s de 50 obras sociales\u201d.<\/p>\n<p>La entrevista remueve recuerdos en Alicia, se emociona al repasar tantos a\u00f1os de trabajo intenso y fruct\u00edfero. \u201cNo ten\u00edamos nada, nada, un escritorio y una silla era todo. Ni siquiera ten\u00edamos un turbo para el verano (sonr\u00ede), ni tel\u00e9fono, recuerdo que ocup\u00e1bamos el de Cooperativa Farmac\u00e9utica. Pero todo fue una vor\u00e1gine siempre, no par\u00e1bamos un segundo y as\u00ed, somos hoy lo que somos\u201d, expresa.<\/p>\n<p>Entre los momentos m\u00e1s destacable que guarda en su memoria est\u00e1 la inauguraci\u00f3n del edificio actual, obra que la tuvo como promotora y part\u00edcipe activa, y que abri\u00f3 sus puertas en 1986. \u201cEra tan necesario para todos el poder estar m\u00e1s cerca de los bancos, de las obras sociales, as\u00ed que nos pusimos a trabajar en la construcci\u00f3n de esta casa. Debo reconocer que siempre, a lo largo de estos a\u00f1os de trabajo, cont\u00e9 con el apoyo incondicional de los directivos. Eso fue fundamental para mi desempe\u00f1o, as\u00ed como todo lo que pude aprender de Hern\u00e1n Lancell que fue vicepresidente, secretario y secretario t\u00e9cnico\u201d, relata.<\/p>\n<p>Tambi\u00e9n recuerda sobre los duros momentos del Colegio: \u201cEcon\u00f3micamente, hemos pasado momentos muy dif\u00edciles, teniendo en cuenta que nuestra principal Obra Social es PAMI y que en la \u00e9poca\u00a0 de la presidencia de Carlos Menem \u2013con Carlos Alderte en PAMI- dejaron de pagar, debiendo de abril a agosto de 1996, y con pagos con reducci\u00f3n de deuda en 1999 con bonos de la deuda externa, lo cuales se vendieron al 77 por ciento, y el Colegio pag\u00f3 a las farmacias el 80 por ciento\u201d.<\/p>\n<p>Alicia no tuvo hijos, pues su familia \u2013expresa- es este querido Colegio. Satisfecha con la tarea cumplida y a sabiendas de que sus energ\u00edas y capacidad operativa ya no son las de antes, decidi\u00f3 dar un paso al costado y retirarse. Fueron casi 40 a\u00f1os de trabajo fecundo, meticuloso, comprometido.<\/p>\n<p>Estas l\u00edneas no logran dimensionar el profundo agradecimiento que la instituci\u00f3n tiene, y tendr\u00e1 siempre, para con ella. Intentan ser apenas un reconocimiento a semejante labor.<\/p>\n<p>Querida Alicia, gracias por estos gloriosos a\u00f1os de trabajo, de crecimiento sostenido, de luchas incansables. Tu fortaleza fue una de las grandes protagonistas de esta historia, de nuestra historia. Jam\u00e1s lo olvidaremos.<img fetchpriority=\"high\" decoding=\"async\" class=\"alignnone size-medium wp-image-944\" src=\"https:\/\/cofarco.com.ar\/ar\/wp-content\/uploads\/2016\/06\/IMG-20160620-WA0016-300x169.jpg\" alt=\"IMG-20160620-WA0016\" width=\"300\" height=\"169\" \/> <img decoding=\"async\" class=\"alignnone size-medium wp-image-943\" src=\"https:\/\/cofarco.com.ar\/ar\/wp-content\/uploads\/2016\/06\/IMG-20160620-WA0015-300x169.jpg\" alt=\"IMG-20160620-WA0015\" width=\"300\" height=\"169\" \/> <img decoding=\"async\" class=\"alignnone size-medium wp-image-942\" src=\"https:\/\/cofarco.com.ar\/ar\/wp-content\/uploads\/2016\/06\/IMG-20160620-WA0014-300x169.jpg\" alt=\"IMG-20160620-WA0014\" width=\"300\" height=\"169\" \/> <img loading=\"lazy\" decoding=\"async\" class=\"alignnone size-medium wp-image-940\" src=\"https:\/\/cofarco.com.ar\/ar\/wp-content\/uploads\/2016\/06\/IMG-20160620-WA0012-300x169.jpg\" alt=\"IMG-20160620-WA0012\" width=\"300\" height=\"169\" \/><\/p>\n","protected":false},"excerpt":{"rendered":"<p>Despu\u00e9s de haber trabajo con gran esmero y dedicaci\u00f3n para el bienestar de nuestros Colegio y sus asociados, Alicia Herrero se despidi\u00f3 de esta casa para gozar del beneficio de la jubilaci\u00f3n. Para agasajarla, sus compa\u00f1eros de la administraci\u00f3n y la comisi\u00f3n directiva compartieron con ella una emotiva cena. Dif\u00edcilmente, alguna de las tantas personas [&#8230;]\n","protected":false},"author":2,"featured_media":0,"comment_status":"open","ping_status":"open","sticky":false,"template":"","format":"standard","meta":{"footnotes":""},"categories":[71],"tags":[],"class_list":["post-938","post","type-post","status-publish","format-standard","hentry","category-noticias"],"_links":{"self":[{"href":"https:\/\/cofarco.com.ar\/ar\/wp-json\/wp\/v2\/posts\/938","targetHints":{"allow":["GET"]}}],"collection":[{"href":"https:\/\/cofarco.com.ar\/ar\/wp-json\/wp\/v2\/posts"}],"about":[{"href":"https:\/\/cofarco.com.ar\/ar\/wp-json\/wp\/v2\/types\/post"}],"author":[{"embeddable":true,"href":"https:\/\/cofarco.com.ar\/ar\/wp-json\/wp\/v2\/users\/2"}],"replies":[{"embeddable":true,"href":"https:\/\/cofarco.com.ar\/ar\/wp-json\/wp\/v2\/comments?post=938"}],"version-history":[{"count":0,"href":"https:\/\/cofarco.com.ar\/ar\/wp-json\/wp\/v2\/posts\/938\/revisions"}],"wp:attachment":[{"href":"https:\/\/cofarco.com.ar\/ar\/wp-json\/wp\/v2\/media?parent=938"}],"wp:term":[{"taxonomy":"category","embeddable":true,"href":"https:\/\/cofarco.com.ar\/ar\/wp-json\/wp\/v2\/categories?post=938"},{"taxonomy":"post_tag","embeddable":true,"href":"https:\/\/cofarco.com.ar\/ar\/wp-json\/wp\/v2\/tags?post=938"}],"curies":[{"name":"wp","href":"https:\/\/api.w.org\/{rel}","templated":true}]}}