{"id":951,"date":"2016-06-26T15:20:39","date_gmt":"2016-06-26T18:20:39","guid":{"rendered":"http:\/\/www.cofarco.com.ar\/?p=951"},"modified":"2016-06-26T15:20:39","modified_gmt":"2016-06-26T18:20:39","slug":"exitosa-jornada-de-capacitacion-para-farmaceuticos-en-la-ciudad-corrientes","status":"publish","type":"post","link":"https:\/\/cofarco.com.ar\/ar\/2016\/06\/26\/exitosa-jornada-de-capacitacion-para-farmaceuticos-en-la-ciudad-corrientes\/","title":{"rendered":"Exitosa jornada de capacitaci\u00f3n para farmac\u00e9uticos en la ciudad Corrientes"},"content":{"rendered":"<p>Terap\u00e9utica Farmacol\u00f3gica de afecciones del Aparato Respiratorio<\/p>\n<p>Este s\u00e1bado 25 de junio, en la sede del Instituto Semper (Mariano Moreno 1754, Corrientes capital), el Colegio de Farmac\u00e9uticos de la Provincia de Corrientes realiz\u00f3 el curso de Terap\u00e9utica Farmacol\u00f3gica de Afecciones del Aparato Respiratorio. Particip\u00f3 un importante n\u00famero de profesionales.<\/p>\n<p>La capacitaci\u00f3n fue gratuita para los colegiados. Comenz\u00f3\u00a0a las 14 horas, a a cargo del doctor Daniel Morales, de la c\u00e1tedra de Farmacolog\u00eda de la Facultad de Medicina de la UNNE.\u00a0Los temas que se abordar\u00e1n fueron Terap\u00e9utica Farmacol\u00f3gica de afecciones del Aparato Respiratorio; farmacolog\u00eda del Asma Bronquial; Factores condicionantes Selecci\u00f3n de estrategias terap\u00e9uticas farmacol\u00f3gicas y no farmacol\u00f3gicas; evaluaci\u00f3n de la eficacia terap\u00e9utica de f\u00e1rmacos antitusivos, expectorantes y mucol\u00edticos; y aplicaci\u00f3n de criterios de selecci\u00f3n de medicamentos para el tratamiento de las situaciones de salud planteadas.<\/p>\n<p>La misma oferta de formaci\u00f3n tuvo lugar semanas atr\u00e1s en la localidad de Santo Tom\u00e9, tambi\u00e9n organizada por el Colegio de Farmac\u00e9uticos de Corrientes. En ambas ocasiones,\u00a0los participantes recibieron puntos para la Certificaci\u00f3n y Re-certificaci\u00f3n.<\/p>\n<p>\u00a1Gracias a todos los que nos acompa\u00f1aron!<\/p>\n<p><img fetchpriority=\"high\" decoding=\"async\" class=\"alignnone size-medium wp-image-954\" src=\"https:\/\/cofarco.com.ar\/ar\/wp-content\/uploads\/2016\/06\/IMG-20160625-WA0028-300x225.jpg\" alt=\"IMG-20160625-WA0028\" width=\"300\" height=\"225\" \/><img decoding=\"async\" class=\"alignnone size-medium wp-image-955\" src=\"https:\/\/cofarco.com.ar\/ar\/wp-content\/uploads\/2016\/06\/IMG-20160625-WA0027-300x225.jpg\" alt=\"IMG-20160625-WA0027\" width=\"300\" height=\"225\" \/><\/p>\n","protected":false},"excerpt":{"rendered":"<p>Terap\u00e9utica Farmacol\u00f3gica de afecciones del Aparato Respiratorio Este s\u00e1bado 25 de junio, en la sede del Instituto Semper (Mariano Moreno 1754, Corrientes capital), el Colegio de Farmac\u00e9uticos de la Provincia de Corrientes realiz\u00f3 el curso de Terap\u00e9utica Farmacol\u00f3gica de Afecciones del Aparato Respiratorio. Particip\u00f3 un importante n\u00famero de profesionales. La capacitaci\u00f3n fue gratuita para los [&#8230;]\n","protected":false},"author":2,"featured_media":0,"comment_status":"open","ping_status":"open","sticky":false,"template":"","format":"standard","meta":{"footnotes":""},"categories":[71],"tags":[],"class_list":["post-951","post","type-post","status-publish","format-standard","hentry","category-noticias"],"_links":{"self":[{"href":"https:\/\/cofarco.com.ar\/ar\/wp-json\/wp\/v2\/posts\/951","targetHints":{"allow":["GET"]}}],"collection":[{"href":"https:\/\/cofarco.com.ar\/ar\/wp-json\/wp\/v2\/posts"}],"about":[{"href":"https:\/\/cofarco.com.ar\/ar\/wp-json\/wp\/v2\/types\/post"}],"author":[{"embeddable":true,"href":"https:\/\/cofarco.com.ar\/ar\/wp-json\/wp\/v2\/users\/2"}],"replies":[{"embeddable":true,"href":"https:\/\/cofarco.com.ar\/ar\/wp-json\/wp\/v2\/comments?post=951"}],"version-history":[{"count":0,"href":"https:\/\/cofarco.com.ar\/ar\/wp-json\/wp\/v2\/posts\/951\/revisions"}],"wp:attachment":[{"href":"https:\/\/cofarco.com.ar\/ar\/wp-json\/wp\/v2\/media?parent=951"}],"wp:term":[{"taxonomy":"category","embeddable":true,"href":"https:\/\/cofarco.com.ar\/ar\/wp-json\/wp\/v2\/categories?post=951"},{"taxonomy":"post_tag","embeddable":true,"href":"https:\/\/cofarco.com.ar\/ar\/wp-json\/wp\/v2\/tags?post=951"}],"curies":[{"name":"wp","href":"https:\/\/api.w.org\/{rel}","templated":true}]}}