{"id":9588,"date":"2022-06-21T08:53:33","date_gmt":"2022-06-21T11:53:33","guid":{"rendered":"http:\/\/cofarco.com.ar\/ar\/?p=9588"},"modified":"2022-06-21T08:53:33","modified_gmt":"2022-06-21T11:53:33","slug":"encuentro-nacional-de-farmaceuticos-tres-jornadas-deportivas-a-pleno","status":"publish","type":"post","link":"https:\/\/cofarco.com.ar\/ar\/2022\/06\/21\/encuentro-nacional-de-farmaceuticos-tres-jornadas-deportivas-a-pleno\/","title":{"rendered":"Encuentro nacional de farmac\u00e9uticos: tres jornadas deportivas a pleno"},"content":{"rendered":"<p>Entre el viernes 17 y el domingo 19 de junio se realiz\u00f3 en la ciudad de Corrientes la 25\u00b0 Edici\u00f3n de los <strong>Juegos Deportivos Farmac\u00e9uticos<\/strong> que congreg\u00f3 a 930 profesionales de todo el pa\u00eds. El evento tuvo como entidad anfitriona al Colegio de Farmac\u00e9uticos de la Provincia de Corrientes (Cofarco), y fue organizado de manera conjunta con la Confederaci\u00f3n Farmac\u00e9utica Argentina (Cofa).<\/p>\n<p>El encuentro congrega cada a\u00f1o a los profesionales farmac\u00e9uticos y a sus familias para compartir distintas competencias deportivas y otras actividades de recreaci\u00f3n. Esta edici\u00f3n, que fue postergada durante dos a\u00f1os debido a la pandemia, tuvo un record de participantes y Corrientes recibi\u00f3 a 19 delegaciones que llegaron desde distintos puntos de la Argentina.<\/p>\n<p>El acto de apertura tuvo lugar en el Club de Regatas Corrientes. Fue presidido por las autoridades de Cofarco y de la Cofa, y cont\u00f3 con la presencia del intendente de la ciudad de Corrientes, Eduardo Tassano, quien le dio la bienvenida a los presentes. Engalanaron la ceremonia la Banda de M\u00fasica del Servicio Penitenciario de Corrientes y la Compa\u00f1\u00eda de Cazadores Correntinos<\/p>\n<p>Las disciplinas que se jugaron a lo largo de estas jornadas fueron pesca, f\u00fatbol, v\u00f3ley, b\u00e1squet, circuito de ciclismo, nataci\u00f3n, tenis, atletismo, paddle, beach voley y tejo en la playa. Las competencias se realizaron en las instalaciones del Club de Regatas, Tennis Club, Golf Club, Boca Unidos, Parque Mitre y en el Centro de Educaci\u00f3n F\u00edsica N\u00b0 7.<\/p>\n<p>El cierre deportivo tuvo lugar el domingo a la siesta con una caminata que inici\u00f3 en el Anfiteatro Jos\u00e9 Hern\u00e1ndez y culmin\u00f3 en la Costanera Sur. Por la noche, los profesionales compartieron una cena y baile de despedida, luego de haber recorrido la ciudad y sus diversos atractivos tur\u00edsticos, y de haber participado de las distintas actividades organizadas por el Colegio de Farmac\u00e9uticos de Corrientes.<\/p>\n<p>\u00a1Gracias a todos los que fueron parte de este maravilloso encuentro!<\/p>\n<p><img fetchpriority=\"high\" decoding=\"async\" class=\"alignnone size-medium wp-image-9589\" src=\"https:\/\/cofarco.com.ar\/ar\/wp-content\/uploads\/2022\/06\/JDF-533x400.jpg\" alt=\"\" width=\"533\" height=\"400\" \/> <img decoding=\"async\" class=\"alignnone size-medium wp-image-9590\" src=\"https:\/\/cofarco.com.ar\/ar\/wp-content\/uploads\/2022\/06\/JDF1-534x400.jpg\" alt=\"\" width=\"534\" height=\"400\" \/> <img decoding=\"async\" class=\"alignnone size-medium wp-image-9591\" src=\"https:\/\/cofarco.com.ar\/ar\/wp-content\/uploads\/2022\/06\/JDF2-534x400.jpg\" alt=\"\" width=\"534\" height=\"400\" \/> <img loading=\"lazy\" decoding=\"async\" class=\"alignnone size-medium wp-image-9592\" src=\"https:\/\/cofarco.com.ar\/ar\/wp-content\/uploads\/2022\/06\/JDF3-534x400.jpg\" alt=\"\" width=\"534\" height=\"400\" \/> <img loading=\"lazy\" decoding=\"async\" class=\"alignnone size-medium wp-image-9593\" src=\"https:\/\/cofarco.com.ar\/ar\/wp-content\/uploads\/2022\/06\/JDF4-534x400.jpg\" alt=\"\" width=\"534\" height=\"400\" \/> <img loading=\"lazy\" decoding=\"async\" class=\"alignnone size-medium wp-image-9594\" src=\"https:\/\/cofarco.com.ar\/ar\/wp-content\/uploads\/2022\/06\/JDF5-533x400.jpg\" alt=\"\" width=\"533\" height=\"400\" \/> <img loading=\"lazy\" decoding=\"async\" class=\"alignnone size-medium wp-image-9595\" src=\"https:\/\/cofarco.com.ar\/ar\/wp-content\/uploads\/2022\/06\/JDF7-533x400.jpg\" alt=\"\" width=\"533\" height=\"400\" \/> <img loading=\"lazy\" decoding=\"async\" class=\"alignnone size-medium wp-image-9596\" src=\"https:\/\/cofarco.com.ar\/ar\/wp-content\/uploads\/2022\/06\/JDF8-763x400.jpg\" alt=\"\" width=\"763\" height=\"400\" \/><\/p>\n","protected":false},"excerpt":{"rendered":"<p>Entre el viernes 17 y el domingo 19 de junio se realiz\u00f3 en la ciudad de Corrientes la 25\u00b0 Edici\u00f3n de los Juegos Deportivos Farmac\u00e9uticos que congreg\u00f3 a 930 profesionales de todo el pa\u00eds. El evento tuvo como entidad anfitriona al Colegio de Farmac\u00e9uticos de la Provincia de Corrientes (Cofarco), y fue organizado de manera [&#8230;]\n","protected":false},"author":2,"featured_media":0,"comment_status":"open","ping_status":"open","sticky":false,"template":"","format":"standard","meta":{"footnotes":""},"categories":[71],"tags":[],"class_list":["post-9588","post","type-post","status-publish","format-standard","hentry","category-noticias"],"_links":{"self":[{"href":"https:\/\/cofarco.com.ar\/ar\/wp-json\/wp\/v2\/posts\/9588","targetHints":{"allow":["GET"]}}],"collection":[{"href":"https:\/\/cofarco.com.ar\/ar\/wp-json\/wp\/v2\/posts"}],"about":[{"href":"https:\/\/cofarco.com.ar\/ar\/wp-json\/wp\/v2\/types\/post"}],"author":[{"embeddable":true,"href":"https:\/\/cofarco.com.ar\/ar\/wp-json\/wp\/v2\/users\/2"}],"replies":[{"embeddable":true,"href":"https:\/\/cofarco.com.ar\/ar\/wp-json\/wp\/v2\/comments?post=9588"}],"version-history":[{"count":1,"href":"https:\/\/cofarco.com.ar\/ar\/wp-json\/wp\/v2\/posts\/9588\/revisions"}],"predecessor-version":[{"id":9597,"href":"https:\/\/cofarco.com.ar\/ar\/wp-json\/wp\/v2\/posts\/9588\/revisions\/9597"}],"wp:attachment":[{"href":"https:\/\/cofarco.com.ar\/ar\/wp-json\/wp\/v2\/media?parent=9588"}],"wp:term":[{"taxonomy":"category","embeddable":true,"href":"https:\/\/cofarco.com.ar\/ar\/wp-json\/wp\/v2\/categories?post=9588"},{"taxonomy":"post_tag","embeddable":true,"href":"https:\/\/cofarco.com.ar\/ar\/wp-json\/wp\/v2\/tags?post=9588"}],"curies":[{"name":"wp","href":"https:\/\/api.w.org\/{rel}","templated":true}]}}