{"id":9621,"date":"2022-06-23T08:04:01","date_gmt":"2022-06-23T11:04:01","guid":{"rendered":"http:\/\/cofarco.com.ar\/ar\/?p=9621"},"modified":"2022-06-23T08:04:01","modified_gmt":"2022-06-23T11:04:01","slug":"re-edicion-del-curso-nacional-sobre-cannabis-medicinal-por-cofa","status":"publish","type":"post","link":"https:\/\/cofarco.com.ar\/ar\/2022\/06\/23\/re-edicion-del-curso-nacional-sobre-cannabis-medicinal-por-cofa\/","title":{"rendered":"Re-edici\u00f3n del Curso Nacional sobre Cannabis Medicinal (por COFA)"},"content":{"rendered":"<p>Este a\u00f1o se reeditar\u00e1 el <strong>Curso Nacional sobre Cannabis Medicinal<\/strong>. La inscripci\u00f3n ser\u00e1 gratuita para farmac\u00e9uticos de COFA\/COFARCO, y los cupos, limitados.<\/p>\n<p>El curso, cuya Directora Cient\u00edfica es la Dra. Catalina van Baren -investigadora y docente asociada de Farmacognosia-IQUIMEFA (FFyB UBA-CONICET) -, constar\u00e1 de 6 clases asincr\u00f3nicas en las que se abordar\u00e1n los siguientes temas:<\/p>\n<p><strong>M\u00d3DULO 1:<\/strong> Reedici\u00f3n Curso Nacional sobre Cannabis Medicinal 2.021<\/p>\n<p><strong>1\u00b0 Seminario:<\/strong> \u201cLa planta de Cannabis \u00bfuna opci\u00f3n terap\u00e9utica?\u201d<\/p>\n<p>Disertante: Dra. Catalina M. van Baren. Investigadora del IQUIMEFA (UBA-CONICET), Facultad de Farmacia y Bioqu\u00edmica, UBA. Dirige el Proyecto P UE-CONICET \u201c*Cannabis sativa* L. Su evaluaci\u00f3n y potencialidad como medicamento\u201d.<\/p>\n<p><u>Jueves 7 de julio de 2.022<\/u><\/p>\n<p><strong>2\u00b0 Seminario: <\/strong>\u00a0\u201cEl sistema endocannabinoide\u201d<\/p>\n<p>Disertante: Dra. Florencia Martini. Investigadora del IQUIMEFA (UBA-CONICET), Facultad de Farmacia y Bioqu\u00edmica, UBA.<\/p>\n<p><u>Jueves 14 de julio de 2.022<\/u><\/p>\n<p><strong>3\u00b0 Seminario:<\/strong> \u201cPreparados a base de Cannabis\u201d<\/p>\n<p>Disertante: Dra. Catalina M. van Baren. Investigadora del IQUIMEFA (UBA-CONICET), Facultad de Farmacia y Bioqu\u00edmica, UBA. Dirige el Proyecto P UE-CONICET \u201c*Cannabis sativa* L. Su evaluaci\u00f3n y potencialidad como medicamento\u201d<\/p>\n<p><u>Jueves 21 de julio de 2.022<\/u><\/p>\n<p><strong>4\u00b0 Seminario:<\/strong> \u201cRegistro de productos a base de cannabinoides y derivados de la planta de Cannabis. Aspectos regulatorios\u201d*<\/p>\n<p>Disertante: Norma E. Belixan. Ex\u2010coordinadora T\u00e9cnica en la Secretar\u00eda Privada de la ANMAT. Experta en* Cannabis* y sustancias relacionadas ante la Comisi\u00f3n de Estupefacientes de las Naciones Unidas.<\/p>\n<p><u>Jueves 28 de julio de 2.022<\/u><\/p>\n<p><strong>5\u00b0 Seminario:<\/strong> \u201cModelos de producci\u00f3n de Cannabis medicinal\u201d*<\/p>\n<p>Disertante: Dr. Ignacio N. Peralta. Investigador de la C\u00e1tedra de Farmacognosia- IQUIMEFA (UBA-CONICET), Facultad de Farmacia y Bioqu\u00edmica, UBA. Asesor independiente.<\/p>\n<p><u>Jueves 4 de agosto de 2.022<\/u><\/p>\n<p><strong>6\u00b0 Seminario<\/strong><\/p>\n<p>\u201cLa educaci\u00f3n como estrategia en el uso medicinal de cannabis medicinal\u201d* Disertante: Dr. Marcelo Morante. Coordinador del Programa Nacional de Investigaci\u00f3n sobre los usos Medicinales de Cannabis del Ministerio de Salud de la Naci\u00f3n.<\/p>\n<p><u>Jueves 11 de agosto de 2.022<\/u><\/p>\n<p>&nbsp;<\/p>\n<p>El curso contar\u00e1 con un foro de consulta\u00a0 a cargo de la Directora Cient\u00edfica.<\/p>\n<p><strong>La aprobaci\u00f3n se da con el 70% de las respuestas correctas a una serie de ex\u00e1menes online.<\/strong><\/p>\n<p>Se otorgar\u00e1n 9 cr\u00e9ditos CNC.<\/p>\n<p><strong>La inscripci\u00f3n es gratuita para los farmac\u00e9uticos de la RedCOFA<\/strong> y con cargo para los colegas no pertenecientes a la Red. Los cupos son limitados.<\/p>\n<p>Link de inscripci\u00f3n: https:\/\/inscripciones.cofa.org.ar\/2022\/cannabis\/<\/p>\n<p>El cierre de inscripci\u00f3n ser\u00e1 el 1\u00b0 de julio.<\/p>\n<p>&nbsp;<\/p>\n<p><strong>M\u00f3dulo Actualizaci\u00f3n 2.022<\/strong><\/p>\n<p>Est\u00e1 previsto el dictado de un segundo m\u00f3dulo de ampliaci\u00f3n y actualizaci\u00f3n una vez concluida la reedici\u00f3n del primer m\u00f3dulo. Se sugiere tener aprobado el primer m\u00f3dulo para realizar la inscripci\u00f3n al segundo.<\/p>\n<p>&nbsp;<\/p>\n<p>Saludos COFA.-<\/p>\n","protected":false},"excerpt":{"rendered":"<p>Este a\u00f1o se reeditar\u00e1 el Curso Nacional sobre Cannabis Medicinal. La inscripci\u00f3n ser\u00e1 gratuita para farmac\u00e9uticos de COFA\/COFARCO, y los cupos, limitados. El curso, cuya Directora Cient\u00edfica es la Dra. Catalina van Baren -investigadora y docente asociada de Farmacognosia-IQUIMEFA (FFyB UBA-CONICET) -, constar\u00e1 de 6 clases asincr\u00f3nicas en las que se abordar\u00e1n los siguientes temas: [&#8230;]\n","protected":false},"author":2,"featured_media":0,"comment_status":"open","ping_status":"open","sticky":false,"template":"","format":"standard","meta":{"footnotes":""},"categories":[68],"tags":[],"class_list":["post-9621","post","type-post","status-publish","format-standard","hentry","category-cursos"],"_links":{"self":[{"href":"https:\/\/cofarco.com.ar\/ar\/wp-json\/wp\/v2\/posts\/9621","targetHints":{"allow":["GET"]}}],"collection":[{"href":"https:\/\/cofarco.com.ar\/ar\/wp-json\/wp\/v2\/posts"}],"about":[{"href":"https:\/\/cofarco.com.ar\/ar\/wp-json\/wp\/v2\/types\/post"}],"author":[{"embeddable":true,"href":"https:\/\/cofarco.com.ar\/ar\/wp-json\/wp\/v2\/users\/2"}],"replies":[{"embeddable":true,"href":"https:\/\/cofarco.com.ar\/ar\/wp-json\/wp\/v2\/comments?post=9621"}],"version-history":[{"count":1,"href":"https:\/\/cofarco.com.ar\/ar\/wp-json\/wp\/v2\/posts\/9621\/revisions"}],"predecessor-version":[{"id":9623,"href":"https:\/\/cofarco.com.ar\/ar\/wp-json\/wp\/v2\/posts\/9621\/revisions\/9623"}],"wp:attachment":[{"href":"https:\/\/cofarco.com.ar\/ar\/wp-json\/wp\/v2\/media?parent=9621"}],"wp:term":[{"taxonomy":"category","embeddable":true,"href":"https:\/\/cofarco.com.ar\/ar\/wp-json\/wp\/v2\/categories?post=9621"},{"taxonomy":"post_tag","embeddable":true,"href":"https:\/\/cofarco.com.ar\/ar\/wp-json\/wp\/v2\/tags?post=9621"}],"curies":[{"name":"wp","href":"https:\/\/api.w.org\/{rel}","templated":true}]}}