{"id":9632,"date":"2022-06-24T12:45:25","date_gmt":"2022-06-24T15:45:25","guid":{"rendered":"http:\/\/cofarco.com.ar\/ar\/?p=9632"},"modified":"2022-06-24T12:45:25","modified_gmt":"2022-06-24T15:45:25","slug":"jdf2022-veinte-medallas-para-la-delegacion-correntina","status":"publish","type":"post","link":"https:\/\/cofarco.com.ar\/ar\/2022\/06\/24\/jdf2022-veinte-medallas-para-la-delegacion-correntina\/","title":{"rendered":"JDF2022: Veinte medallas para la delegaci\u00f3n correntina"},"content":{"rendered":"<p>Fue destacable el desempe\u00f1o que tuvieron los farmac\u00e9uticos correntinos en la 25\u00b0 Edici\u00f3n de los Juegos Deportivos Farmac\u00e9uticos que se realizaron en nuestra ciudad entre el 17 y el 19 de junio.<\/p>\n<p>Participaron en diversas disciplinas y categor\u00edas, obteniendo medallas en 21 competencias: 7 de ellas fueron de oro; 9, de plata; y 5, de bronce.<\/p>\n<p>A continuaci\u00f3n, presentamos la n\u00f3mina de nuestros competidores que quedaron registrados en el Medallero Oficial de esta edici\u00f3n de los juegos deportivos. Felicitamos y agradecemos a todos los que fueron parte de este gran evento.<\/p>\n<p><strong>\u00a0<\/strong><\/p>\n<p><strong>ORO<\/strong><\/p>\n<p>Miguel Aquino (Carrera 100 mts. Masculino &#8211; Mayores A)<\/p>\n<p>Augusto Fern\u00e1ndez C\u00e9spedes (Ciclismo Masculino &#8211;\u00a0\u00a0\u00a0\u00a0\u00a0\u00a0\u00a0\u00a0\u00a0 Mayores)<\/p>\n<p>Mart\u00edn Insaurralde (Golf Hombre)<\/p>\n<p>Nicol\u00e1s Ben\u00edtez (Marat\u00f3n 5000 mts. Masculino &#8211; Mayores B)<\/p>\n<p>Miguel Aquino (Salto en Largo Masculino &#8211; Mayores A)<\/p>\n<p>Ricardo y Ernesto Peris (Paddle Masculino)<\/p>\n<p>Miguel Aquino (Salto en Largo Masculino &#8211; Mayores A)<\/p>\n<p>&nbsp;<\/p>\n<p><strong>PLATA<\/strong><\/p>\n<p>Flavia Brezik (Carrera 60 mts. Femenino \u2013 Mayores A)<\/p>\n<p>Augusto Fern\u00e1ndez C\u00e9spedes (Lanzamiento de Bala masculino)<\/p>\n<p>Flavia Brezik (Marat\u00f3n 2500 mts. Femenino \u2013 Mayores A)<\/p>\n<p>Liliana Marozzi (Nataci\u00f3n Estilo Libre Femenino 25 mts.)<\/p>\n<p>Augusto Fern\u00e1ndez C\u00e9spedes (Salto en Largo Masculino)<\/p>\n<p>Ricardo Peris (Tenis de Mesa single Masculino)<\/p>\n<p>Gonzalo Mar\u00edn \/ Augusto Fern\u00e1ndez C. (Paddle)<\/p>\n<p>Fernando Parra y Fabi\u00e1n Czyrwony (Truco)<\/p>\n<p>Fabi\u00e1n Czyrwony \/ Cativa (Paddle Masculino)<\/p>\n<p>&nbsp;<\/p>\n<p><strong>BRONCE<\/strong><\/p>\n<p>Augusto Fern\u00e1ndez C\u00e9spedes (Carrera 100 mts. Masculino)<\/p>\n<p>Rub\u00e9n Peris (Carrera 100 mts. Masculino)<\/p>\n<p>Diana Grilli (Carrera 60 mts. Femenino)<\/p>\n<p>Augusto Rius (Lanzamiento de Bala Masculino)<\/p>\n<p>Liliana Marozzi (Nataci\u00f3n Estilo Libre Femenino 50 mts.)<\/p>\n<p><img fetchpriority=\"high\" decoding=\"async\" class=\"alignnone size-medium wp-image-9633\" src=\"https:\/\/cofarco.com.ar\/ar\/wp-content\/uploads\/2022\/06\/3fbc6eca-be8a-4991-9036-b59673495bf2-225x400.jpg\" alt=\"\" width=\"225\" height=\"400\" \/> <img decoding=\"async\" class=\"alignnone size-medium wp-image-9634\" src=\"https:\/\/cofarco.com.ar\/ar\/wp-content\/uploads\/2022\/06\/48ed68e8-f916-4d1a-84d2-225e077a575b-533x400.jpg\" alt=\"\" width=\"533\" height=\"400\" \/> <img decoding=\"async\" class=\"alignnone size-medium wp-image-9635\" src=\"https:\/\/cofarco.com.ar\/ar\/wp-content\/uploads\/2022\/06\/98e43bb9-b8e3-4019-9e26-bc6cb129f560-533x400.jpg\" alt=\"\" width=\"533\" height=\"400\" \/><img loading=\"lazy\" decoding=\"async\" class=\"alignnone size-medium wp-image-9636\" src=\"https:\/\/cofarco.com.ar\/ar\/wp-content\/uploads\/2022\/06\/b2f9ec77-df4a-4024-87f6-c132f2068239-533x400.jpg\" alt=\"\" width=\"533\" height=\"400\" \/> <img loading=\"lazy\" decoding=\"async\" class=\"alignnone size-medium wp-image-9637\" src=\"https:\/\/cofarco.com.ar\/ar\/wp-content\/uploads\/2022\/06\/d088df95-dce2-44a8-a964-bef81884a6d7-300x400.jpg\" alt=\"\" width=\"300\" height=\"400\" \/> <img loading=\"lazy\" decoding=\"async\" class=\"alignnone size-medium wp-image-9638\" src=\"https:\/\/cofarco.com.ar\/ar\/wp-content\/uploads\/2022\/06\/IMG_20220617_124217-534x400.jpg\" alt=\"\" width=\"534\" height=\"400\" \/><img loading=\"lazy\" decoding=\"async\" class=\"alignnone size-medium wp-image-9639\" src=\"https:\/\/cofarco.com.ar\/ar\/wp-content\/uploads\/2022\/06\/IMG_20220617_125214-534x400.jpg\" alt=\"\" width=\"534\" height=\"400\" \/> <img loading=\"lazy\" decoding=\"async\" class=\"alignnone size-medium wp-image-9640\" src=\"https:\/\/cofarco.com.ar\/ar\/wp-content\/uploads\/2022\/06\/IMG_20220617_130505-300x400.jpg\" alt=\"\" width=\"300\" height=\"400\" \/><\/p>\n","protected":false},"excerpt":{"rendered":"<p>Fue destacable el desempe\u00f1o que tuvieron los farmac\u00e9uticos correntinos en la 25\u00b0 Edici\u00f3n de los Juegos Deportivos Farmac\u00e9uticos que se realizaron en nuestra ciudad entre el 17 y el 19 de junio. Participaron en diversas disciplinas y categor\u00edas, obteniendo medallas en 21 competencias: 7 de ellas fueron de oro; 9, de plata; y 5, de [&#8230;]\n","protected":false},"author":2,"featured_media":0,"comment_status":"open","ping_status":"open","sticky":false,"template":"","format":"standard","meta":{"footnotes":""},"categories":[71],"tags":[],"class_list":["post-9632","post","type-post","status-publish","format-standard","hentry","category-noticias"],"_links":{"self":[{"href":"https:\/\/cofarco.com.ar\/ar\/wp-json\/wp\/v2\/posts\/9632","targetHints":{"allow":["GET"]}}],"collection":[{"href":"https:\/\/cofarco.com.ar\/ar\/wp-json\/wp\/v2\/posts"}],"about":[{"href":"https:\/\/cofarco.com.ar\/ar\/wp-json\/wp\/v2\/types\/post"}],"author":[{"embeddable":true,"href":"https:\/\/cofarco.com.ar\/ar\/wp-json\/wp\/v2\/users\/2"}],"replies":[{"embeddable":true,"href":"https:\/\/cofarco.com.ar\/ar\/wp-json\/wp\/v2\/comments?post=9632"}],"version-history":[{"count":1,"href":"https:\/\/cofarco.com.ar\/ar\/wp-json\/wp\/v2\/posts\/9632\/revisions"}],"predecessor-version":[{"id":9641,"href":"https:\/\/cofarco.com.ar\/ar\/wp-json\/wp\/v2\/posts\/9632\/revisions\/9641"}],"wp:attachment":[{"href":"https:\/\/cofarco.com.ar\/ar\/wp-json\/wp\/v2\/media?parent=9632"}],"wp:term":[{"taxonomy":"category","embeddable":true,"href":"https:\/\/cofarco.com.ar\/ar\/wp-json\/wp\/v2\/categories?post=9632"},{"taxonomy":"post_tag","embeddable":true,"href":"https:\/\/cofarco.com.ar\/ar\/wp-json\/wp\/v2\/tags?post=9632"}],"curies":[{"name":"wp","href":"https:\/\/api.w.org\/{rel}","templated":true}]}}