{"id":964,"date":"2016-06-27T17:22:40","date_gmt":"2016-06-27T20:22:40","guid":{"rendered":"http:\/\/www.cofarco.com.ar\/?p=964"},"modified":"2016-06-27T17:22:40","modified_gmt":"2016-06-27T20:22:40","slug":"importante-obra-de-refaccion-y-remodelacion-en-la-sede-del-colegio","status":"publish","type":"post","link":"https:\/\/cofarco.com.ar\/ar\/2016\/06\/27\/importante-obra-de-refaccion-y-remodelacion-en-la-sede-del-colegio\/","title":{"rendered":"Importante obra de refacci\u00f3n y remodelaci\u00f3n en la sede del Colegio"},"content":{"rendered":"<p>Hace un mes se puso en marcha un importante plan de remodelaci\u00f3n total de la planta baja del edificio del Colegio de Farmac\u00e9uticos de la Provincia de Corrientes. Se trata de la segunda parte de un proyecto de mejora y refuncionalizaci\u00f3n de las instalaciones que comenz\u00f3 con los departamentos que se encuentran en el primer piso, para uso de los asociados de las ciudades del interior, como as\u00ed tambi\u00e9n del sal\u00f3n del Directorio y del Archivo.<\/p>\n<p>En esta segunda etapa, se trabaja en la reconstrucci\u00f3n de las oficinas administrativas y de la presidencia, y\u00a0 en la remodelaci\u00f3n de la fachada. Las nuevas instalaciones contar\u00e1n adem\u00e1s con una sala de espera y cuatro sanitarios a estrenar, para lo cual se derrumb\u00f3 parte de las viejas estructuras.<\/p>\n<p>Para el acceso, en tanto, se planea una arquitectura moderna, que permita el ingreso de luz natural a todo el edificio. Se instalar\u00e1 un sistema de ingreso con una puerta de blindex doble y grandes ventanales vidriados.<\/p>\n<p>En una tercera etapa, se proyecta ampliar y mejorar las instalaciones del quincho y del sal\u00f3n de usos m\u00faltiples.<\/p>\n<p>Para esta obra, el Colegio destin\u00f3 una importante inversi\u00f3n, la cual no hubiera sido posible sin el aporte de todos los que formamos parte de esta instituci\u00f3n. Por ello, esto es un logro de todos y esperamos poder celebrarlo juntos a fin de a\u00f1o, con la inauguraci\u00f3n de nuestra renovada casa.<\/p>\n","protected":false},"excerpt":{"rendered":"<p>Hace un mes se puso en marcha un importante plan de remodelaci\u00f3n total de la planta baja del edificio del Colegio de Farmac\u00e9uticos de la Provincia de Corrientes. Se trata de la segunda parte de un proyecto de mejora y refuncionalizaci\u00f3n de las instalaciones que comenz\u00f3 con los departamentos que se encuentran en el primer [&#8230;]\n","protected":false},"author":2,"featured_media":0,"comment_status":"open","ping_status":"open","sticky":false,"template":"","format":"standard","meta":{"footnotes":""},"categories":[71],"tags":[],"class_list":["post-964","post","type-post","status-publish","format-standard","hentry","category-noticias"],"_links":{"self":[{"href":"https:\/\/cofarco.com.ar\/ar\/wp-json\/wp\/v2\/posts\/964","targetHints":{"allow":["GET"]}}],"collection":[{"href":"https:\/\/cofarco.com.ar\/ar\/wp-json\/wp\/v2\/posts"}],"about":[{"href":"https:\/\/cofarco.com.ar\/ar\/wp-json\/wp\/v2\/types\/post"}],"author":[{"embeddable":true,"href":"https:\/\/cofarco.com.ar\/ar\/wp-json\/wp\/v2\/users\/2"}],"replies":[{"embeddable":true,"href":"https:\/\/cofarco.com.ar\/ar\/wp-json\/wp\/v2\/comments?post=964"}],"version-history":[{"count":0,"href":"https:\/\/cofarco.com.ar\/ar\/wp-json\/wp\/v2\/posts\/964\/revisions"}],"wp:attachment":[{"href":"https:\/\/cofarco.com.ar\/ar\/wp-json\/wp\/v2\/media?parent=964"}],"wp:term":[{"taxonomy":"category","embeddable":true,"href":"https:\/\/cofarco.com.ar\/ar\/wp-json\/wp\/v2\/categories?post=964"},{"taxonomy":"post_tag","embeddable":true,"href":"https:\/\/cofarco.com.ar\/ar\/wp-json\/wp\/v2\/tags?post=964"}],"curies":[{"name":"wp","href":"https:\/\/api.w.org\/{rel}","templated":true}]}}