{"id":970,"date":"2016-07-23T16:31:56","date_gmt":"2016-07-23T19:31:56","guid":{"rendered":"http:\/\/www.cofarco.com.ar\/?p=970"},"modified":"2016-07-23T16:31:56","modified_gmt":"2016-07-23T19:31:56","slug":"pami-y-la-industria-alcanzan-un-acuerdo-por-deuda-y-futuros-pagos","status":"publish","type":"post","link":"https:\/\/cofarco.com.ar\/ar\/2016\/07\/23\/pami-y-la-industria-alcanzan-un-acuerdo-por-deuda-y-futuros-pagos\/","title":{"rendered":"PAMI Y LA INDUSTRIA ALCANZAN UN ACUERDO POR DEUDA Y FUTUROS PAGOS"},"content":{"rendered":"<p>En la tarde noche de ayer viernes el PAMI y la Industria Farmac\u00e9utica alcanzaron un acuerdo, luego de largas y complejas negociaciones, para establecer el cobro de la deuda vigente en materia de prestaciones farmac\u00e9uticas, as\u00ed como el aporte adicional que realizar\u00e1 la Industria al convenio de manera de asegurar el pago en tiempo y forma de las prestaciones de ahora en adelante.<\/p>\n<p>&nbsp;<\/p>\n<p>Ya con el acuerdo firmado ayer, la pr\u00f3xima semana se llevar\u00e1n a cabo una serie de encuentros a fin de establecer en concreto la forma y plazos en que las farmacias cobrar\u00e1n lo que se les adeuda por los diferentes segmentos.<\/p>\n<p>&nbsp;<\/p>\n<p>El cumplimiento de este acuerdo, que no representa ning\u00fan aporte adicional para las farmacias, permitir\u00e1 volver a hacer sustentable el convenio para todo el universo de farmacias prestadoras del pa\u00eds y significa tambi\u00e9n un logro para la estrategia de negociaci\u00f3n cre\u00edble, coherente, sostenida y firme que la COFA y sus colegios llevaron adelante en los \u00faltimos seis meses ante las autoridades del Instituto y de la industria.<\/p>\n<p>&nbsp;<\/p>\n<p>Por supuesto seguiremos informando de las definiciones a las que se arriben la semana pr\u00f3xima como corolario del acuerdo rubricado hoy entre PAMI y la Industria.<\/p>\n<p>&nbsp;<\/p>\n<p>&nbsp;<\/p>\n<p>&nbsp;<\/p>\n","protected":false},"excerpt":{"rendered":"<p>En la tarde noche de ayer viernes el PAMI y la Industria Farmac\u00e9utica alcanzaron un acuerdo, luego de largas y complejas negociaciones, para establecer el cobro de la deuda vigente en materia de prestaciones farmac\u00e9uticas, as\u00ed como el aporte adicional que realizar\u00e1 la Industria al convenio de manera de asegurar el pago en tiempo y [&#8230;]\n","protected":false},"author":2,"featured_media":0,"comment_status":"open","ping_status":"open","sticky":false,"template":"","format":"standard","meta":{"footnotes":""},"categories":[1],"tags":[],"class_list":["post-970","post","type-post","status-publish","format-standard","hentry","category-uncategorized"],"_links":{"self":[{"href":"https:\/\/cofarco.com.ar\/ar\/wp-json\/wp\/v2\/posts\/970","targetHints":{"allow":["GET"]}}],"collection":[{"href":"https:\/\/cofarco.com.ar\/ar\/wp-json\/wp\/v2\/posts"}],"about":[{"href":"https:\/\/cofarco.com.ar\/ar\/wp-json\/wp\/v2\/types\/post"}],"author":[{"embeddable":true,"href":"https:\/\/cofarco.com.ar\/ar\/wp-json\/wp\/v2\/users\/2"}],"replies":[{"embeddable":true,"href":"https:\/\/cofarco.com.ar\/ar\/wp-json\/wp\/v2\/comments?post=970"}],"version-history":[{"count":0,"href":"https:\/\/cofarco.com.ar\/ar\/wp-json\/wp\/v2\/posts\/970\/revisions"}],"wp:attachment":[{"href":"https:\/\/cofarco.com.ar\/ar\/wp-json\/wp\/v2\/media?parent=970"}],"wp:term":[{"taxonomy":"category","embeddable":true,"href":"https:\/\/cofarco.com.ar\/ar\/wp-json\/wp\/v2\/categories?post=970"},{"taxonomy":"post_tag","embeddable":true,"href":"https:\/\/cofarco.com.ar\/ar\/wp-json\/wp\/v2\/tags?post=970"}],"curies":[{"name":"wp","href":"https:\/\/api.w.org\/{rel}","templated":true}]}}