{"id":986,"date":"2016-08-10T22:03:58","date_gmt":"2016-08-11T01:03:58","guid":{"rendered":"http:\/\/www.cofarco.com.ar\/?p=986"},"modified":"2016-08-10T22:03:58","modified_gmt":"2016-08-11T01:03:58","slug":"acta-de-acuerdo-entre-el-pami-y-la-industria-farmaceutica","status":"publish","type":"post","link":"https:\/\/cofarco.com.ar\/ar\/2016\/08\/10\/acta-de-acuerdo-entre-el-pami-y-la-industria-farmaceutica\/","title":{"rendered":"Acta de Acuerdo entre el PAMI y la Industria Farmac\u00e9utica"},"content":{"rendered":"<p>El 26 de julio se firm\u00f3 un Acta Acuerdo entre el PAMI y la Industria Farmac\u00e9utica en el que se convino el pago de la deuda que el Instituto mantiene en el convenio de provisi\u00f3n de medicamentos y al mismo tiempo se establecieron las condiciones en las que PAMI abonar\u00e1 las prestaciones regulares a partir de la prestaci\u00f3n del mes de julio.<\/p>\n<p>En el archivo adjunto, la Confederaci\u00f3n Farmac\u00e9utica Argentina presenta un texto explicativo y comentado del mencionado Acuerdo, as\u00ed como de los documentos complementarios que surgieron tras su firma.<\/p>\n<p>Zona de los archivos adjuntos<\/p>\n<p><a href=\"https:\/\/cofarco.com.ar\/ar\/wp-content\/uploads\/2016\/08\/Acta_Acuerdo_PAMI-Industria_comentada.pdf\" rel=\"\">Acta_Acuerdo_PAMI-Industria_comentada<\/a><\/p>\n","protected":false},"excerpt":{"rendered":"<p>El 26 de julio se firm\u00f3 un Acta Acuerdo entre el PAMI y la Industria Farmac\u00e9utica en el que se convino el pago de la deuda que el Instituto mantiene en el convenio de provisi\u00f3n de medicamentos y al mismo tiempo se establecieron las condiciones en las que PAMI abonar\u00e1 las prestaciones regulares a partir [&#8230;]\n","protected":false},"author":2,"featured_media":968,"comment_status":"open","ping_status":"open","sticky":false,"template":"","format":"standard","meta":{"footnotes":""},"categories":[1],"tags":[],"class_list":["post-986","post","type-post","status-publish","format-standard","has-post-thumbnail","hentry","category-uncategorized"],"_links":{"self":[{"href":"https:\/\/cofarco.com.ar\/ar\/wp-json\/wp\/v2\/posts\/986","targetHints":{"allow":["GET"]}}],"collection":[{"href":"https:\/\/cofarco.com.ar\/ar\/wp-json\/wp\/v2\/posts"}],"about":[{"href":"https:\/\/cofarco.com.ar\/ar\/wp-json\/wp\/v2\/types\/post"}],"author":[{"embeddable":true,"href":"https:\/\/cofarco.com.ar\/ar\/wp-json\/wp\/v2\/users\/2"}],"replies":[{"embeddable":true,"href":"https:\/\/cofarco.com.ar\/ar\/wp-json\/wp\/v2\/comments?post=986"}],"version-history":[{"count":0,"href":"https:\/\/cofarco.com.ar\/ar\/wp-json\/wp\/v2\/posts\/986\/revisions"}],"wp:featuredmedia":[{"embeddable":true,"href":"https:\/\/cofarco.com.ar\/ar\/wp-json\/wp\/v2\/media\/968"}],"wp:attachment":[{"href":"https:\/\/cofarco.com.ar\/ar\/wp-json\/wp\/v2\/media?parent=986"}],"wp:term":[{"taxonomy":"category","embeddable":true,"href":"https:\/\/cofarco.com.ar\/ar\/wp-json\/wp\/v2\/categories?post=986"},{"taxonomy":"post_tag","embeddable":true,"href":"https:\/\/cofarco.com.ar\/ar\/wp-json\/wp\/v2\/tags?post=986"}],"curies":[{"name":"wp","href":"https:\/\/api.w.org\/{rel}","templated":true}]}}