{"id":9864,"date":"2022-07-26T08:13:49","date_gmt":"2022-07-26T11:13:49","guid":{"rendered":"http:\/\/cofarco.com.ar\/ar\/?p=9864"},"modified":"2022-07-26T09:54:04","modified_gmt":"2022-07-26T12:54:04","slug":"profesional-farmaceutica-disponible-2","status":"publish","type":"post","link":"https:\/\/cofarco.com.ar\/ar\/2022\/07\/26\/profesional-farmaceutica-disponible-2\/","title":{"rendered":"Profesional farmac\u00e9utica disponible"},"content":{"rendered":"<div dir=\"ltr\">\n<p>La profesional Giuliana Mengibar,\u00a0 de la provincia de San Juan, se recibi\u00f3 recientemente de farmac\u00e9utica en la Universidad Nacional de La Rioja y se encuentra en la b\u00fasqueda de trabajo en la ciudad de Corrientes. A continuaci\u00f3n, se dejan sus datos personales:<\/p>\n<div><\/div>\n<div>Valeria Giuliana Mengibar Ar\u00e9valo<\/div>\n<div>mail:\u00a0<a id=\"LPlnk628082\" href=\"mailto:mengibargiuliana@gmail.com\" target=\"_blank\" rel=\"noopener noreferrer\" data-auth=\"NotApplicable\" data-linkindex=\"0\">mengibargiuliana@gmail.com<\/a><\/div>\n<div>cel: 2645273681<\/div>\n<\/div>\n","protected":false},"excerpt":{"rendered":"<p>La profesional Giuliana Mengibar,\u00a0 de la provincia de San Juan, se recibi\u00f3 recientemente de farmac\u00e9utica en la Universidad Nacional de La Rioja y se encuentra en la b\u00fasqueda de trabajo en la ciudad de Corrientes. A continuaci\u00f3n, se dejan sus datos personales: Valeria Giuliana Mengibar Ar\u00e9valo mail:\u00a0mengibargiuliana@gmail.com cel: 2645273681<\/p>\n","protected":false},"author":2,"featured_media":0,"comment_status":"open","ping_status":"open","sticky":false,"template":"","format":"standard","meta":{"footnotes":""},"categories":[73],"tags":[],"class_list":["post-9864","post","type-post","status-publish","format-standard","hentry","category-ofertas-laborales"],"_links":{"self":[{"href":"https:\/\/cofarco.com.ar\/ar\/wp-json\/wp\/v2\/posts\/9864","targetHints":{"allow":["GET"]}}],"collection":[{"href":"https:\/\/cofarco.com.ar\/ar\/wp-json\/wp\/v2\/posts"}],"about":[{"href":"https:\/\/cofarco.com.ar\/ar\/wp-json\/wp\/v2\/types\/post"}],"author":[{"embeddable":true,"href":"https:\/\/cofarco.com.ar\/ar\/wp-json\/wp\/v2\/users\/2"}],"replies":[{"embeddable":true,"href":"https:\/\/cofarco.com.ar\/ar\/wp-json\/wp\/v2\/comments?post=9864"}],"version-history":[{"count":2,"href":"https:\/\/cofarco.com.ar\/ar\/wp-json\/wp\/v2\/posts\/9864\/revisions"}],"predecessor-version":[{"id":9873,"href":"https:\/\/cofarco.com.ar\/ar\/wp-json\/wp\/v2\/posts\/9864\/revisions\/9873"}],"wp:attachment":[{"href":"https:\/\/cofarco.com.ar\/ar\/wp-json\/wp\/v2\/media?parent=9864"}],"wp:term":[{"taxonomy":"category","embeddable":true,"href":"https:\/\/cofarco.com.ar\/ar\/wp-json\/wp\/v2\/categories?post=9864"},{"taxonomy":"post_tag","embeddable":true,"href":"https:\/\/cofarco.com.ar\/ar\/wp-json\/wp\/v2\/tags?post=9864"}],"curies":[{"name":"wp","href":"https:\/\/api.w.org\/{rel}","templated":true}]}}