{"id":9964,"date":"2022-08-05T08:06:21","date_gmt":"2022-08-05T11:06:21","guid":{"rendered":"http:\/\/cofarco.com.ar\/ar\/?p=9964"},"modified":"2022-08-05T08:11:02","modified_gmt":"2022-08-05T11:11:02","slug":"diplomatura-servicios-profesionales-farmaceuticos-asistenciales-2-022-colegio-de-cordobade-cordoba","status":"publish","type":"post","link":"https:\/\/cofarco.com.ar\/ar\/2022\/08\/05\/diplomatura-servicios-profesionales-farmaceuticos-asistenciales-2-022-colegio-de-cordobade-cordoba\/","title":{"rendered":"Diplomatura Servicios Profesionales Farmac\u00e9uticos Asistenciales 2.022 (Colegio de C\u00f3rdoba)"},"content":{"rendered":"<p>Posgrado online 2022: Diplomatura en Servicios Profesionales Farmac\u00e9uticos Asistenciales\u00a0&#8211; 3\u00aa cohorte &#8211;<\/p>\n<p>El Colegio de Farmac\u00e9uticos de C\u00f3rdoba organiza la tercer cohorte del Posgrado online \u201cDiplomatura en Servicios Profesionales Farmac\u00e9uticos Asistenciales\u201d. Iniciar\u00e1 el 16 de septiembre y tendr\u00e1 una duraci\u00f3n de 9 meses. La modalidad ser\u00e1 a distancia, mediante la Plataforma Campus Virtual de la Fundaci\u00f3n PRESAC.<\/p>\n<p><strong>PROP\u00d3SITO:<\/strong><\/p>\n<p>El ejercicio profesional del farmac\u00e9utico, tanto en la actualidad como con proyecci\u00f3n al futuro, evidencia una evoluci\u00f3n constante hacia la prestaci\u00f3n de Servicios Profesionales Farmac\u00e9uticos Asistenciales (SPFA). Los mismos pueden definirse como aquellas actividades sanitarias prestadas por un farmac\u00e9utico que emplea sus competencias profesionales para la prevenci\u00f3n de la enfermedad, y la mejora tanto de la salud de la poblaci\u00f3n como la de los destinatarios de los medicamentos y productos sanitarios. Dichas actividades, tienen entidad propia, con definici\u00f3n, fines, procedimientos y sistemas de documentaci\u00f3n, que permiten su evaluaci\u00f3n y retribuci\u00f3n, garantizando su universalidad, continuidad y sostenibilidad.<\/p>\n<p>De esta manera el profesional farmac\u00e9utico desempe\u00f1a un papel activo en la optimizaci\u00f3n del proceso de uso de los medicamentos y en los resultados de los tratamientos farmacol\u00f3gicos, contribuyendo a la mejora de la calidad de vida del paciente.<\/p>\n<p>El plan de estudios de la Diplomatura se ha desarrollado teniendo en cuenta los cambios que ha tenido la atenci\u00f3n farmac\u00e9utica y la evoluci\u00f3n de los servicios ofrecidos desde las farmacias en los \u00faltimos a\u00f1os, en concordancia a la reciente resoluci\u00f3n 2021-2949-APN-MS dispuesta por el Ministerio de Salud de la Naci\u00f3n.<\/p>\n<p>Dicho plan est\u00e1 implementado por un grupo de prestigiosos profesionales y docentes nacionales e internacionales.<\/p>\n<p>Adem\u00e1s, el prop\u00f3sito se encuentra orientado a la calificaci\u00f3n del profesional para su competencia ante los nuevos desaf\u00edos de cambio que propone la asistencia al paciente desde la fase cl\u00ednica, a fines de alcanzar una formaci\u00f3n integral y aptitudes para abordar el amplio espectro de actividades del campo del dise\u00f1o, implantaci\u00f3n, gesti\u00f3n, prestaci\u00f3n y marketing de estos servicios.<\/p>\n<p>La Diplomatura en Servicios Profesionales Farmac\u00e9uticos Asistenciales permite producir conocimientos relevantes, con alto nivel formativo te\u00f3rico-pr\u00e1ctico y desarrollar aptitudes para una mejor atenci\u00f3n del paciente y posicionamiento del profesional y la farmacia.<\/p>\n<p><strong>OBJETIVOS:<\/strong><\/p>\n<ul>\n<li>Ofrecer una visi\u00f3n completa y detallada de los SPFA basados en la atenci\u00f3n primaria de la salud (APS), adaptados al \u00e1mbito del ejercicio profesional y desde un punto de vista pr\u00e1ctico, con proyecci\u00f3n hacia su desarrollo e implantaci\u00f3n en la pr\u00e1ctica habitual del farmac\u00e9utico.<\/li>\n<li>Brindar herramientas y desarrollar habilidades para la prestaci\u00f3n, difusi\u00f3n y el registro de SPFA de calidad, propiciando la apertura del farmac\u00e9utico hacia nuevas v\u00edas para su crecimiento profesional.<\/li>\n<li>Promover la inserci\u00f3n del farmac\u00e9utico como referente en salud en su comunidad y como parte integrante del equipo de APS del paciente.<\/li>\n<\/ul>\n<p><strong>DESTINATARIOS:<\/strong><\/p>\n<p>Farmac\u00e9uticos, Licenciados en Farmacia.<\/p>\n<p><strong>TEMARIO:<\/strong><\/p>\n<ul>\n<li>Servicios Profesionales Farmac\u00e9uticos basados en la APS<\/li>\n<li>La comunicaci\u00f3n en los SPFA. Sistemas de informaci\u00f3n y documentaci\u00f3n para el desarrollo de los SPFA<\/li>\n<li>SPFA relacionados con la salud comunitaria<\/li>\n<li>SPFA de Dispensaci\u00f3n<\/li>\n<li>SPFA de Indicaci\u00f3n<\/li>\n<li>SPFA de Adherencia Terap\u00e9utica y Conciliaci\u00f3n<\/li>\n<li>SPFA de Revisi\u00f3n del Uso de Medicamentos, Seguimiento Farmacoterap\u00e9utico y Farmacovigilancia<\/li>\n<li>Gesti\u00f3n de la calidad y Marketing de los SPFA<\/li>\n<li>Taller de Trabajo Integrador Final de Intervenci\u00f3n (TIFI)<\/li>\n<\/ul>\n<p><strong>DIRECTORES:<\/strong><\/p>\n<p>Dr. Pedro Armando<\/p>\n<p>Mgter. Mar\u00eda Isabel Tenllado<\/p>\n<p><strong>COORDINADORA:<\/strong><\/p>\n<p>Farm. Maitena Moscard\u00f3<\/p>\n<p><strong>EQUIPO DOCENTE<\/strong><\/p>\n<p>Natalia Mar\u00eda Agudelo Laverde (Colombia)<\/p>\n<p>Pedro Amariles (Colombia)<\/p>\n<p>Pedro Armando (Argentina)<\/p>\n<p>Vicente J. Baixauli (Espa\u00f1a)<\/p>\n<p>Shalom \u201cCharlie\u201d Benrimoj (Australia)<\/p>\n<p>Daniela Fontana (Argentina)<\/p>\n<p>Victoria Garc\u00eda C\u00e1rdenas (Australia)<\/p>\n<p>Miguel Angel Gastelurrutia (Espa\u00f1a)<\/p>\n<p>Divaldo Lyra Jr. (Brasil)<\/p>\n<p>Yanel Mart\u00edn (Argentina)<\/p>\n<p>Sebasti\u00e1n Mart\u00ednez P\u00e9rez (Espa\u00f1a)<\/p>\n<p>Maitena Moscard\u00f3 (Argentina)<\/p>\n<p>Yajaira Quesada Rojas (Costa Rica)<\/p>\n<p>Jos\u00e9lia Frade (Brasil)<\/p>\n<p>Maria Isabel Reinoso (Argentina)<\/p>\n<p>Eduardo Savio (Uruguay)<\/p>\n<p>Nancy Sol\u00e1 (Argentina)<\/p>\n<p>Ana In\u00e9s Senatore Barilla (Uruguay)<\/p>\n<p>Lars-Ake S\u00f6derlund (Suecia)<\/p>\n<p>Mar\u00eda Isabel Tenllado (Argentina)<\/p>\n<p>Sonia Uema (Argentina)<\/p>\n<p>Elena Mar\u00eda Vega (Chile)<\/p>\n<p><strong>DURACI\u00d3N:<\/strong><\/p>\n<p>9 meses<\/p>\n<p><strong>MODALIDAD:<\/strong><\/p>\n<p>A Distancia, por medio de la Plataforma Campus Virtual de la Fundaci\u00f3n PRESAC.<\/p>\n<p><strong>METODOLOG\u00cdA:<\/strong><\/p>\n<ul>\n<li>Clases semanales multimedia asincr\u00f3nicas y foros quincenales sincr\u00f3nicos<\/li>\n<li>Realizaci\u00f3n de trabajos de campo y resoluci\u00f3n de casos cl\u00ednicos<\/li>\n<li>Trabajo Integrador Final de Intervenci\u00f3n (TIFI)<\/li>\n<\/ul>\n<p><strong>FECHA DE INICIO:<\/strong><\/p>\n<p>16 de Septiembre de 2.022<\/p>\n<p><strong>CARGA HORARIA<\/strong><\/p>\n<p>180 horas reloj (equivalente a 240 horas c\u00e1tedra).<\/p>\n<p><strong>ARANCELES:<\/strong><\/p>\n<p>Matr\u00edcula: $12.000<\/p>\n<p>Cuotas: 9 cuotas de $10.000 (abonar del 1 al 10 de cada mes)<\/p>\n<p>Profesionales extranjeros:<\/p>\n<p>Matr\u00edcula: U$S 170<\/p>\n<p>Cuotas: 9 cuotas de U$S 150 (abonar del 1 al 10 de cada mes)<\/p>\n<p><strong>CONSULTAS E INSCRIPCIONES:<\/strong><\/p>\n<p>\u00c1rea de Capacitaci\u00f3n y Responsabilidad Social<\/p>\n<p>Tel:\u00a0 0351 4249511 int. 230\/231\/264<\/p>\n<p>Consultas por WhatsApp: +54 9 3512292086<\/p>\n<p>E-mail: capacitacion@colfacor.org.ar<\/p>\n\n<div class=\"gde-error\">GDE Error: Error al recuperar el fichero. Si es necesario, desactiva la comprobaci\u00f3n de errores (404:Not Found)<\/div>\n\n","protected":false},"excerpt":{"rendered":"<p>Posgrado online 2022: Diplomatura en Servicios Profesionales Farmac\u00e9uticos Asistenciales\u00a0&#8211; 3\u00aa cohorte &#8211; El Colegio de Farmac\u00e9uticos de C\u00f3rdoba organiza la tercer cohorte del Posgrado online \u201cDiplomatura en Servicios Profesionales Farmac\u00e9uticos Asistenciales\u201d. Iniciar\u00e1 el 16 de septiembre y tendr\u00e1 una duraci\u00f3n de 9 meses. La modalidad ser\u00e1 a distancia, mediante la Plataforma Campus Virtual de la [&#8230;]\n","protected":false},"author":2,"featured_media":0,"comment_status":"open","ping_status":"open","sticky":false,"template":"","format":"standard","meta":{"footnotes":""},"categories":[68],"tags":[],"class_list":["post-9964","post","type-post","status-publish","format-standard","hentry","category-cursos"],"_links":{"self":[{"href":"https:\/\/cofarco.com.ar\/ar\/wp-json\/wp\/v2\/posts\/9964","targetHints":{"allow":["GET"]}}],"collection":[{"href":"https:\/\/cofarco.com.ar\/ar\/wp-json\/wp\/v2\/posts"}],"about":[{"href":"https:\/\/cofarco.com.ar\/ar\/wp-json\/wp\/v2\/types\/post"}],"author":[{"embeddable":true,"href":"https:\/\/cofarco.com.ar\/ar\/wp-json\/wp\/v2\/users\/2"}],"replies":[{"embeddable":true,"href":"https:\/\/cofarco.com.ar\/ar\/wp-json\/wp\/v2\/comments?post=9964"}],"version-history":[{"count":2,"href":"https:\/\/cofarco.com.ar\/ar\/wp-json\/wp\/v2\/posts\/9964\/revisions"}],"predecessor-version":[{"id":9970,"href":"https:\/\/cofarco.com.ar\/ar\/wp-json\/wp\/v2\/posts\/9964\/revisions\/9970"}],"wp:attachment":[{"href":"https:\/\/cofarco.com.ar\/ar\/wp-json\/wp\/v2\/media?parent=9964"}],"wp:term":[{"taxonomy":"category","embeddable":true,"href":"https:\/\/cofarco.com.ar\/ar\/wp-json\/wp\/v2\/categories?post=9964"},{"taxonomy":"post_tag","embeddable":true,"href":"https:\/\/cofarco.com.ar\/ar\/wp-json\/wp\/v2\/tags?post=9964"}],"curies":[{"name":"wp","href":"https:\/\/api.w.org\/{rel}","templated":true}]}}